{"id":11147,"date":"2023-09-19T12:41:11","date_gmt":"2023-09-19T10:41:11","guid":{"rendered":"https:\/\/fcspartaktrnava.com\/?p=11147"},"modified":"2023-09-19T14:09:28","modified_gmt":"2023-09-19T12:09:28","slug":"spartak-sa-vracia-k-tradicii-dresov-puma","status":"publish","type":"post","link":"https:\/\/fcspartaktrnava.com\/en\/spartak-sa-vracia-k-tradicii-dresov-puma\/","title":{"rendered":"Spartak sa vracia k\u00a0trad\u00edcii dresov Puma"},"content":{"rendered":"<p>FC Spartak Trnava oznamuje, \u017ee sa dohodol na spolupr\u00e1ci so spolo\u010dnos\u0165ou Puma, ktor\u00e1 sa st\u00e1va hlavn\u00fdm partnerom klubu v r\u00e1mci \u0161portov\u00fdch artiklov. U\u017e najbli\u017e\u0161\u00ed z\u00e1pas v&nbsp;skupinovej f\u00e1ze Eur\u00f3pskej konferen\u010dnej ligy 21. septembra v&nbsp;Razgrade teda odohraj\u00fa spartakovci v&nbsp;novej kolekcii dresov zna\u010dky Puma.<\/p>\n\n\n\n<p><em style=\"font-weight: bold;\">\u201eIsto si mnoh\u00ed fan\u00fa\u0161ikovia v\u0161imli, \u017ee sa v&nbsp;ostatn\u00fdch rokoch sna\u017e\u00edme cti\u0165 si trad\u00edciu a&nbsp;predchodcov n\u00e1\u0161ho sl\u00e1vneho klubu. V&nbsp;klube ako je Spartak je to povinnos\u0165ou, a&nbsp;preto sme sa rozhodli vypo\u010du\u0165 fan\u00fa\u0161ikov, ktor\u00ed si \u017eelali n\u00e1vrat k&nbsp;zna\u010dke Puma. <\/em><strong><em>Takouto formou si chceme pri storo\u010dnom jubileu pripomen\u00fa\u0165 najsl\u00e1vnej\u0161iu \u00e9ru n\u00e1\u0161ho klubu,\u201c <\/em><\/strong>povedal prezident klubu Peter Macho. <strong><em>\u201eTo, \u017ee u\u017e koncom \u0161es\u0165desiatych rokov obliekala hr\u00e1\u010dov Spartaka Puma je z\u00e1sluha legend\u00e1rneho Toni b\u00e1\u010diho Malatinsk\u00e9ho a&nbsp;jeho kontaktom v&nbsp;zahrani\u010d\u00ed. Spom\u00ednam si na jednu pr\u00edhodu, ke\u010f sme v&nbsp;roku 1987 ako dorastenci cestovali na turnaj do Nemecka a&nbsp;v&nbsp;s\u00eddle Pumy v&nbsp;meste\u010dku Herzogenaurach sme si urobili prest\u00e1vku, aby mohol p\u00e1n Malatinsk\u00fd vybra\u0165 nov\u00fa kolekciu dresov na \u010fal\u0161iu sez\u00f3nu.\u201c<\/em><\/strong><\/p>\n\n\n\n<figure class=\"wp-block-gallery has-nested-images columns-default is-cropped wp-block-gallery-1 is-layout-flex wp-block-gallery-is-layout-flex\">\n<figure class=\"wp-block-image size-large\"><img loading=\"lazy\" decoding=\"async\" width=\"1024\" height=\"681\" data-id=\"11150\" src=\"https:\/\/fcspartaktrnava.com\/wp-content\/uploads\/2023\/09\/DSC_2485-1024x681.jpg\" alt=\"\" class=\"wp-image-11150\" srcset=\"https:\/\/fcspartaktrnava.com\/wp-content\/uploads\/2023\/09\/DSC_2485-1024x681.jpg 1024w, https:\/\/fcspartaktrnava.com\/wp-content\/uploads\/2023\/09\/DSC_2485-300x200.jpg 300w, https:\/\/fcspartaktrnava.com\/wp-content\/uploads\/2023\/09\/DSC_2485-768x511.jpg 768w, https:\/\/fcspartaktrnava.com\/wp-content\/uploads\/2023\/09\/DSC_2485-1536x1022.jpg 1536w, https:\/\/fcspartaktrnava.com\/wp-content\/uploads\/2023\/09\/DSC_2485-2048x1363.jpg 2048w, https:\/\/fcspartaktrnava.com\/wp-content\/uploads\/2023\/09\/DSC_2485-18x12.jpg 18w\" sizes=\"auto, (max-width: 1024px) 100vw, 1024px\" \/><\/figure>\n\n\n\n<figure class=\"wp-block-image size-large\"><img loading=\"lazy\" decoding=\"async\" width=\"1024\" height=\"683\" data-id=\"11148\" src=\"https:\/\/fcspartaktrnava.com\/wp-content\/uploads\/2023\/09\/DSC_2344-1024x683.jpg\" alt=\"\" class=\"wp-image-11148\" srcset=\"https:\/\/fcspartaktrnava.com\/wp-content\/uploads\/2023\/09\/DSC_2344-1024x683.jpg 1024w, https:\/\/fcspartaktrnava.com\/wp-content\/uploads\/2023\/09\/DSC_2344-300x200.jpg 300w, https:\/\/fcspartaktrnava.com\/wp-content\/uploads\/2023\/09\/DSC_2344-768x512.jpg 768w, https:\/\/fcspartaktrnava.com\/wp-content\/uploads\/2023\/09\/DSC_2344-1536x1024.jpg 1536w, https:\/\/fcspartaktrnava.com\/wp-content\/uploads\/2023\/09\/DSC_2344-2048x1365.jpg 2048w, https:\/\/fcspartaktrnava.com\/wp-content\/uploads\/2023\/09\/DSC_2344-18x12.jpg 18w\" sizes=\"auto, (max-width: 1024px) 100vw, 1024px\" \/><\/figure>\n\n\n\n<figure class=\"wp-block-image size-large\"><img loading=\"lazy\" decoding=\"async\" width=\"1024\" height=\"683\" data-id=\"11149\" src=\"https:\/\/fcspartaktrnava.com\/wp-content\/uploads\/2023\/09\/DSC_2149-1024x683.jpg\" alt=\"\" class=\"wp-image-11149\" srcset=\"https:\/\/fcspartaktrnava.com\/wp-content\/uploads\/2023\/09\/DSC_2149-1024x683.jpg 1024w, https:\/\/fcspartaktrnava.com\/wp-content\/uploads\/2023\/09\/DSC_2149-300x200.jpg 300w, https:\/\/fcspartaktrnava.com\/wp-content\/uploads\/2023\/09\/DSC_2149-768x512.jpg 768w, https:\/\/fcspartaktrnava.com\/wp-content\/uploads\/2023\/09\/DSC_2149-1536x1024.jpg 1536w, https:\/\/fcspartaktrnava.com\/wp-content\/uploads\/2023\/09\/DSC_2149-2048x1365.jpg 2048w, https:\/\/fcspartaktrnava.com\/wp-content\/uploads\/2023\/09\/DSC_2149-18x12.jpg 18w\" sizes=\"auto, (max-width: 1024px) 100vw, 1024px\" \/><\/figure>\n<\/figure>\n\n\n\n<p>Fan\u00fa\u0161ikovia s\u00fa srdcom n\u00e1\u0161ho klubu, a preto sme pri navrhovan\u00ed dresov brali oh\u013ead na ich n\u00e1zory a preferencie. Ver\u00edme, \u017ee nov\u00e1 s\u00faprava dresov bude hrdos\u0165ou na\u0161ej komunity fan\u00fa\u0161ikov. Prin\u00e1\u0161a n\u00e1vrat ku klasick\u00e9mu osved\u010den\u00e9mu spartakovsk\u00e9mu dizajnu \u010derveno-\u010diernych p\u00e1sov v&nbsp;kombin\u00e1cii s&nbsp;\u010diernymi tren\u00edrkami. Tradi\u010dn\u00e9 farby s\u00fa sk\u013aben\u00e9 s&nbsp;modern\u00fdm dizajnom a&nbsp;strihom nielen dresov, ale aj tr\u00e9ningov\u00e9ho a&nbsp;vych\u00e1dzkov\u00e9ho oble\u010denia. Samozrejmos\u0165ou je kvalita oble\u010denia, ktor\u00e1 je pre zna\u010dku svetov\u00e9ho mena pr\u00edzna\u010dn\u00e1.<\/p>\n\n\n\n<figure class=\"wp-block-embed is-type-video is-provider-youtube wp-block-embed-youtube wp-embed-aspect-16-9 wp-has-aspect-ratio\"><div class=\"wp-block-embed__wrapper\">\n<iframe loading=\"lazy\" title=\"NOV\u00c9 DRESY 2023\/24!\" width=\"500\" height=\"281\" src=\"https:\/\/www.youtube.com\/embed\/YTyX9HU12aI?feature=oembed\" frameborder=\"0\" allow=\"accelerometer; autoplay; clipboard-write; encrypted-media; gyroscope; picture-in-picture; web-share\" referrerpolicy=\"strict-origin-when-cross-origin\" allowfullscreen><\/iframe>\n<\/div><\/figure>\n\n\n\n<p><strong><em>\u201eSom ve\u013emi r\u00e1d, \u017ee glob\u00e1lna zna\u010dka Puma sa st\u00e1va partnerom tak\u00e9ho v\u00fdznamn\u00e9ho a&nbsp;tradi\u010dn\u00e9ho klubu ako je Spartak Trnava. Navy\u0161e, v&nbsp;roku, kedy klub oslavuje st\u00e9 v\u00fdro\u010die od svojho zalo\u017eenia. \u017delal by som si, aby kvalita a&nbsp;dizajn na\u0161ich produktov priniesli Spartaku \u0161\u0165astie nielen v&nbsp;boji o&nbsp;majstrovsk\u00fd titul v&nbsp;slovenskej najvy\u0161\u0161ej s\u00fa\u0165a\u017ei, ale aj v&nbsp;Eur\u00f3pskej konferen\u010dnej lige,\u201c <\/em><\/strong>hovor\u00edJ\u00e1n Sochor, gener\u00e1lny riadite\u013e Puma pre stredn\u00fa a&nbsp;v\u00fdchodn\u00fa Eur\u00f3pu.<\/p>\n\n\n\n<p><strong><em>&#8222;Spartak Trnava m\u00e1 jedn\u00fdch z&nbsp;najlep\u0161\u00edch a&nbsp;najv\u00e1\u0161nivej\u0161\u00edch fan\u00fa\u0161ikov v&nbsp;slovenskej lige. Preto ver\u00edm, \u017ee sa nov\u00e1 podoba dresov bude p\u00e1\u010di\u0165 nielen hr\u00e1\u010dom, ale pr\u00e1ve aj fan\u00fa\u0161ikom Spartaka. Za zna\u010dku Puma m\u00f4\u017eem s\u013e\u00fabi\u0165, \u017ee urob\u00edme v\u0161etko pre to, aby sa hr\u00e1\u010di c\u00edtili v na\u0161om vybaven\u00ed maxim\u00e1lne komfortne a&nbsp;mohli pod\u00e1va\u0165 \u010do najlep\u0161ie v\u00fdkony,\u201c <\/em><\/strong>dopl\u0148uje teamsport mana\u017e\u00e9r zna\u010dky Puma pre \u010cesk\u00fa republiku a&nbsp;Slovensko Miloslav Pt\u00e1\u010dek.<\/p>\n\n\n\n<p>Nov\u00e9 dresy sa bud\u00fa da\u0165 u\u017e v&nbsp;najbli\u017e\u0161\u00edch d\u0148och k\u00fapi\u0165 v klubovom fanshope a&nbsp;postupne bude prib\u00fada\u0165 aj in\u00fd \u0161portov\u00fd a&nbsp;vych\u00e1dzkov\u00fd sortiment.<\/p>\n\n\n\n<figure class=\"wp-block-gallery has-nested-images columns-default is-cropped wp-block-gallery-2 is-layout-flex wp-block-gallery-is-layout-flex\">\n<figure class=\"wp-block-image size-large\"><img loading=\"lazy\" decoding=\"async\" width=\"1024\" height=\"683\" data-id=\"11153\" src=\"https:\/\/fcspartaktrnava.com\/wp-content\/uploads\/2023\/09\/DSC_2296-1024x683.jpg\" alt=\"\" class=\"wp-image-11153\" srcset=\"https:\/\/fcspartaktrnava.com\/wp-content\/uploads\/2023\/09\/DSC_2296-1024x683.jpg 1024w, https:\/\/fcspartaktrnava.com\/wp-content\/uploads\/2023\/09\/DSC_2296-300x200.jpg 300w, https:\/\/fcspartaktrnava.com\/wp-content\/uploads\/2023\/09\/DSC_2296-768x512.jpg 768w, https:\/\/fcspartaktrnava.com\/wp-content\/uploads\/2023\/09\/DSC_2296-1536x1024.jpg 1536w, https:\/\/fcspartaktrnava.com\/wp-content\/uploads\/2023\/09\/DSC_2296-2048x1365.jpg 2048w, https:\/\/fcspartaktrnava.com\/wp-content\/uploads\/2023\/09\/DSC_2296-18x12.jpg 18w\" sizes=\"auto, (max-width: 1024px) 100vw, 1024px\" \/><\/figure>\n\n\n\n<figure class=\"wp-block-image size-large\"><img loading=\"lazy\" decoding=\"async\" width=\"1024\" height=\"683\" data-id=\"11151\" src=\"https:\/\/fcspartaktrnava.com\/wp-content\/uploads\/2023\/09\/DSC_2233-1024x683.jpg\" alt=\"\" class=\"wp-image-11151\" srcset=\"https:\/\/fcspartaktrnava.com\/wp-content\/uploads\/2023\/09\/DSC_2233-1024x683.jpg 1024w, https:\/\/fcspartaktrnava.com\/wp-content\/uploads\/2023\/09\/DSC_2233-300x200.jpg 300w, https:\/\/fcspartaktrnava.com\/wp-content\/uploads\/2023\/09\/DSC_2233-768x512.jpg 768w, https:\/\/fcspartaktrnava.com\/wp-content\/uploads\/2023\/09\/DSC_2233-1536x1024.jpg 1536w, https:\/\/fcspartaktrnava.com\/wp-content\/uploads\/2023\/09\/DSC_2233-2048x1365.jpg 2048w, https:\/\/fcspartaktrnava.com\/wp-content\/uploads\/2023\/09\/DSC_2233-18x12.jpg 18w\" sizes=\"auto, (max-width: 1024px) 100vw, 1024px\" \/><\/figure>\n\n\n\n<figure class=\"wp-block-image size-large\"><img loading=\"lazy\" decoding=\"async\" width=\"1024\" height=\"681\" data-id=\"11152\" src=\"https:\/\/fcspartaktrnava.com\/wp-content\/uploads\/2023\/09\/DSC_2129-1024x681.jpg\" alt=\"\" class=\"wp-image-11152\" srcset=\"https:\/\/fcspartaktrnava.com\/wp-content\/uploads\/2023\/09\/DSC_2129-1024x681.jpg 1024w, https:\/\/fcspartaktrnava.com\/wp-content\/uploads\/2023\/09\/DSC_2129-300x200.jpg 300w, https:\/\/fcspartaktrnava.com\/wp-content\/uploads\/2023\/09\/DSC_2129-768x511.jpg 768w, https:\/\/fcspartaktrnava.com\/wp-content\/uploads\/2023\/09\/DSC_2129-1536x1022.jpg 1536w, https:\/\/fcspartaktrnava.com\/wp-content\/uploads\/2023\/09\/DSC_2129-2048x1363.jpg 2048w, https:\/\/fcspartaktrnava.com\/wp-content\/uploads\/2023\/09\/DSC_2129-18x12.jpg 18w\" sizes=\"auto, (max-width: 1024px) 100vw, 1024px\" \/><\/figure>\n<\/figure>","protected":false},"excerpt":{"rendered":"<p>FC Spartak Trnava oznamuje, \u017ee sa dohodol na&#8230;<\/p>","protected":false},"author":2,"featured_media":11154,"comment_status":"closed","ping_status":"closed","sticky":false,"template":"","format":"standard","meta":{"footnotes":""},"categories":[12],"tags":[],"class_list":["post-11147","post","type-post","status-publish","format-standard","has-post-thumbnail","hentry","category-spravy","post-number-1"],"yoast_head":"<!-- This site is optimized with the Yoast SEO plugin v27.1.1 - https:\/\/yoast.com\/product\/yoast-seo-wordpress\/ -->\n<title>Spartak sa vracia k\u00a0trad\u00edcii dresov Puma - FC Spartak Trnava<\/title>\n<meta name=\"robots\" content=\"index, follow, max-snippet:-1, max-image-preview:large, max-video-preview:-1\" \/>\n<link rel=\"canonical\" href=\"https:\/\/fcspartaktrnava.com\/en\/spartak-sa-vracia-k-tradicii-dresov-puma\/\" \/>\n<meta name=\"twitter:label1\" content=\"Written by\" \/>\n\t<meta name=\"twitter:data1\" content=\"spartak\" \/>\n\t<meta name=\"twitter:label2\" content=\"Estimated reading time\" \/>\n\t<meta name=\"twitter:data2\" content=\"4 minutes\" \/>\n<script type=\"application\/ld+json\" class=\"yoast-schema-graph\">{\"@context\":\"https:\/\/schema.org\",\"@graph\":[{\"@type\":\"Article\",\"@id\":\"https:\/\/fcspartaktrnava.com\/spartak-sa-vracia-k-tradicii-dresov-puma\/#article\",\"isPartOf\":{\"@id\":\"https:\/\/fcspartaktrnava.com\/spartak-sa-vracia-k-tradicii-dresov-puma\/\"},\"author\":{\"name\":\"spartak\",\"@id\":\"https:\/\/fcspartaktrnava.com\/#\/schema\/person\/24bc5b254af14f71d7d8af178790aa75\"},\"headline\":\"Spartak sa vracia k\u00a0trad\u00edcii dresov Puma\",\"datePublished\":\"2023-09-19T10:41:11+00:00\",\"dateModified\":\"2023-09-19T12:09:28+00:00\",\"mainEntityOfPage\":{\"@id\":\"https:\/\/fcspartaktrnava.com\/spartak-sa-vracia-k-tradicii-dresov-puma\/\"},\"wordCount\":567,\"publisher\":{\"@id\":\"https:\/\/fcspartaktrnava.com\/#organization\"},\"image\":{\"@id\":\"https:\/\/fcspartaktrnava.com\/spartak-sa-vracia-k-tradicii-dresov-puma\/#primaryimage\"},\"thumbnailUrl\":\"https:\/\/fcspartaktrnava.com\/wp-content\/uploads\/2023\/09\/DSC_2225-scaled.jpg\",\"articleSection\":[\"Spr\u00e1vy\"],\"inLanguage\":\"en-GB\"},{\"@type\":\"WebPage\",\"@id\":\"https:\/\/fcspartaktrnava.com\/spartak-sa-vracia-k-tradicii-dresov-puma\/\",\"url\":\"https:\/\/fcspartaktrnava.com\/spartak-sa-vracia-k-tradicii-dresov-puma\/\",\"name\":\"Spartak sa vracia k\u00a0trad\u00edcii dresov Puma - FC Spartak Trnava\",\"isPartOf\":{\"@id\":\"https:\/\/fcspartaktrnava.com\/#website\"},\"primaryImageOfPage\":{\"@id\":\"https:\/\/fcspartaktrnava.com\/spartak-sa-vracia-k-tradicii-dresov-puma\/#primaryimage\"},\"image\":{\"@id\":\"https:\/\/fcspartaktrnava.com\/spartak-sa-vracia-k-tradicii-dresov-puma\/#primaryimage\"},\"thumbnailUrl\":\"https:\/\/fcspartaktrnava.com\/wp-content\/uploads\/2023\/09\/DSC_2225-scaled.jpg\",\"datePublished\":\"2023-09-19T10:41:11+00:00\",\"dateModified\":\"2023-09-19T12:09:28+00:00\",\"breadcrumb\":{\"@id\":\"https:\/\/fcspartaktrnava.com\/spartak-sa-vracia-k-tradicii-dresov-puma\/#breadcrumb\"},\"inLanguage\":\"en-GB\",\"potentialAction\":[{\"@type\":\"ReadAction\",\"target\":[\"https:\/\/fcspartaktrnava.com\/spartak-sa-vracia-k-tradicii-dresov-puma\/\"]}]},{\"@type\":\"ImageObject\",\"inLanguage\":\"en-GB\",\"@id\":\"https:\/\/fcspartaktrnava.com\/spartak-sa-vracia-k-tradicii-dresov-puma\/#primaryimage\",\"url\":\"https:\/\/fcspartaktrnava.com\/wp-content\/uploads\/2023\/09\/DSC_2225-scaled.jpg\",\"contentUrl\":\"https:\/\/fcspartaktrnava.com\/wp-content\/uploads\/2023\/09\/DSC_2225-scaled.jpg\",\"width\":2560,\"height\":1707},{\"@type\":\"BreadcrumbList\",\"@id\":\"https:\/\/fcspartaktrnava.com\/spartak-sa-vracia-k-tradicii-dresov-puma\/#breadcrumb\",\"itemListElement\":[{\"@type\":\"ListItem\",\"position\":1,\"name\":\"Home\",\"item\":\"https:\/\/fcspartaktrnava.com\/\"},{\"@type\":\"ListItem\",\"position\":2,\"name\":\"Spartak sa vracia k\u00a0trad\u00edcii dresov Puma\"}]},{\"@type\":\"WebSite\",\"@id\":\"https:\/\/fcspartaktrnava.com\/#website\",\"url\":\"https:\/\/fcspartaktrnava.com\/\",\"name\":\"FC Spartak Trnava\",\"description\":\"ofici\u00e1lna webstr\u00e1nka futbalov\u00e9ho klubu\",\"publisher\":{\"@id\":\"https:\/\/fcspartaktrnava.com\/#organization\"},\"potentialAction\":[{\"@type\":\"SearchAction\",\"target\":{\"@type\":\"EntryPoint\",\"urlTemplate\":\"https:\/\/fcspartaktrnava.com\/?s={search_term_string}\"},\"query-input\":{\"@type\":\"PropertyValueSpecification\",\"valueRequired\":true,\"valueName\":\"search_term_string\"}}],\"inLanguage\":\"en-GB\"},{\"@type\":\"Organization\",\"@id\":\"https:\/\/fcspartaktrnava.com\/#organization\",\"name\":\"FC Spartak Trnava\",\"alternateName\":\"Spartak\",\"url\":\"https:\/\/fcspartaktrnava.com\/\",\"logo\":{\"@type\":\"ImageObject\",\"inLanguage\":\"en-GB\",\"@id\":\"https:\/\/fcspartaktrnava.com\/#\/schema\/logo\/image\/\",\"url\":\"https:\/\/fcspartaktrnava.com\/wp-content\/uploads\/2022\/08\/cropped-site_logo.png\",\"contentUrl\":\"https:\/\/fcspartaktrnava.com\/wp-content\/uploads\/2022\/08\/cropped-site_logo.png\",\"width\":140,\"height\":140,\"caption\":\"FC Spartak Trnava\"},\"image\":{\"@id\":\"https:\/\/fcspartaktrnava.com\/#\/schema\/logo\/image\/\"},\"sameAs\":[\"https:\/\/www.facebook.com\/SpartakTrnava\",\"https:\/\/x.com\/SpartakTrnava1\",\"https:\/\/www.instagram.com\/spartak_sk\/\"]},{\"@type\":\"Person\",\"@id\":\"https:\/\/fcspartaktrnava.com\/#\/schema\/person\/24bc5b254af14f71d7d8af178790aa75\",\"name\":\"spartak\",\"image\":{\"@type\":\"ImageObject\",\"inLanguage\":\"en-GB\",\"@id\":\"https:\/\/fcspartaktrnava.com\/#\/schema\/person\/image\/\",\"url\":\"https:\/\/secure.gravatar.com\/avatar\/f8ff8584f3fcf3909a11a6da9019f37749183b4015bca14e64556c52614cdc7f?s=96&d=mm&r=g\",\"contentUrl\":\"https:\/\/secure.gravatar.com\/avatar\/f8ff8584f3fcf3909a11a6da9019f37749183b4015bca14e64556c52614cdc7f?s=96&d=mm&r=g\",\"caption\":\"spartak\"},\"url\":\"https:\/\/fcspartaktrnava.com\/en\/author\/spartak\/\"}]}<\/script>\n<!-- \/ Yoast SEO plugin. -->","yoast_head_json":{"title":"Spartak sa vracia k\u00a0trad\u00edcii dresov Puma - FC Spartak Trnava","robots":{"index":"index","follow":"follow","max-snippet":"max-snippet:-1","max-image-preview":"max-image-preview:large","max-video-preview":"max-video-preview:-1"},"canonical":"https:\/\/fcspartaktrnava.com\/en\/spartak-sa-vracia-k-tradicii-dresov-puma\/","twitter_misc":{"Written by":"spartak","Estimated reading time":"4 minutes"},"schema":{"@context":"https:\/\/schema.org","@graph":[{"@type":"Article","@id":"https:\/\/fcspartaktrnava.com\/spartak-sa-vracia-k-tradicii-dresov-puma\/#article","isPartOf":{"@id":"https:\/\/fcspartaktrnava.com\/spartak-sa-vracia-k-tradicii-dresov-puma\/"},"author":{"name":"spartak","@id":"https:\/\/fcspartaktrnava.com\/#\/schema\/person\/24bc5b254af14f71d7d8af178790aa75"},"headline":"Spartak sa vracia k\u00a0trad\u00edcii dresov Puma","datePublished":"2023-09-19T10:41:11+00:00","dateModified":"2023-09-19T12:09:28+00:00","mainEntityOfPage":{"@id":"https:\/\/fcspartaktrnava.com\/spartak-sa-vracia-k-tradicii-dresov-puma\/"},"wordCount":567,"publisher":{"@id":"https:\/\/fcspartaktrnava.com\/#organization"},"image":{"@id":"https:\/\/fcspartaktrnava.com\/spartak-sa-vracia-k-tradicii-dresov-puma\/#primaryimage"},"thumbnailUrl":"https:\/\/fcspartaktrnava.com\/wp-content\/uploads\/2023\/09\/DSC_2225-scaled.jpg","articleSection":["Spr\u00e1vy"],"inLanguage":"en-GB"},{"@type":"WebPage","@id":"https:\/\/fcspartaktrnava.com\/spartak-sa-vracia-k-tradicii-dresov-puma\/","url":"https:\/\/fcspartaktrnava.com\/spartak-sa-vracia-k-tradicii-dresov-puma\/","name":"Spartak sa vracia k\u00a0trad\u00edcii dresov Puma - FC Spartak Trnava","isPartOf":{"@id":"https:\/\/fcspartaktrnava.com\/#website"},"primaryImageOfPage":{"@id":"https:\/\/fcspartaktrnava.com\/spartak-sa-vracia-k-tradicii-dresov-puma\/#primaryimage"},"image":{"@id":"https:\/\/fcspartaktrnava.com\/spartak-sa-vracia-k-tradicii-dresov-puma\/#primaryimage"},"thumbnailUrl":"https:\/\/fcspartaktrnava.com\/wp-content\/uploads\/2023\/09\/DSC_2225-scaled.jpg","datePublished":"2023-09-19T10:41:11+00:00","dateModified":"2023-09-19T12:09:28+00:00","breadcrumb":{"@id":"https:\/\/fcspartaktrnava.com\/spartak-sa-vracia-k-tradicii-dresov-puma\/#breadcrumb"},"inLanguage":"en-GB","potentialAction":[{"@type":"ReadAction","target":["https:\/\/fcspartaktrnava.com\/spartak-sa-vracia-k-tradicii-dresov-puma\/"]}]},{"@type":"ImageObject","inLanguage":"en-GB","@id":"https:\/\/fcspartaktrnava.com\/spartak-sa-vracia-k-tradicii-dresov-puma\/#primaryimage","url":"https:\/\/fcspartaktrnava.com\/wp-content\/uploads\/2023\/09\/DSC_2225-scaled.jpg","contentUrl":"https:\/\/fcspartaktrnava.com\/wp-content\/uploads\/2023\/09\/DSC_2225-scaled.jpg","width":2560,"height":1707},{"@type":"BreadcrumbList","@id":"https:\/\/fcspartaktrnava.com\/spartak-sa-vracia-k-tradicii-dresov-puma\/#breadcrumb","itemListElement":[{"@type":"ListItem","position":1,"name":"Home","item":"https:\/\/fcspartaktrnava.com\/"},{"@type":"ListItem","position":2,"name":"Spartak sa vracia k\u00a0trad\u00edcii dresov Puma"}]},{"@type":"WebSite","@id":"https:\/\/fcspartaktrnava.com\/#website","url":"https:\/\/fcspartaktrnava.com\/","name":"FC Spartak Trnava","description":"ofici\u00e1lna webstr\u00e1nka futbalov\u00e9ho klubu","publisher":{"@id":"https:\/\/fcspartaktrnava.com\/#organization"},"potentialAction":[{"@type":"SearchAction","target":{"@type":"EntryPoint","urlTemplate":"https:\/\/fcspartaktrnava.com\/?s={search_term_string}"},"query-input":{"@type":"PropertyValueSpecification","valueRequired":true,"valueName":"search_term_string"}}],"inLanguage":"en-GB"},{"@type":"Organization","@id":"https:\/\/fcspartaktrnava.com\/#organization","name":"FC Spartak Trnava","alternateName":"Spartak","url":"https:\/\/fcspartaktrnava.com\/","logo":{"@type":"ImageObject","inLanguage":"en-GB","@id":"https:\/\/fcspartaktrnava.com\/#\/schema\/logo\/image\/","url":"https:\/\/fcspartaktrnava.com\/wp-content\/uploads\/2022\/08\/cropped-site_logo.png","contentUrl":"https:\/\/fcspartaktrnava.com\/wp-content\/uploads\/2022\/08\/cropped-site_logo.png","width":140,"height":140,"caption":"FC Spartak Trnava"},"image":{"@id":"https:\/\/fcspartaktrnava.com\/#\/schema\/logo\/image\/"},"sameAs":["https:\/\/www.facebook.com\/SpartakTrnava","https:\/\/x.com\/SpartakTrnava1","https:\/\/www.instagram.com\/spartak_sk\/"]},{"@type":"Person","@id":"https:\/\/fcspartaktrnava.com\/#\/schema\/person\/24bc5b254af14f71d7d8af178790aa75","name":"spartak","image":{"@type":"ImageObject","inLanguage":"en-GB","@id":"https:\/\/fcspartaktrnava.com\/#\/schema\/person\/image\/","url":"https:\/\/secure.gravatar.com\/avatar\/f8ff8584f3fcf3909a11a6da9019f37749183b4015bca14e64556c52614cdc7f?s=96&d=mm&r=g","contentUrl":"https:\/\/secure.gravatar.com\/avatar\/f8ff8584f3fcf3909a11a6da9019f37749183b4015bca14e64556c52614cdc7f?s=96&d=mm&r=g","caption":"spartak"},"url":"https:\/\/fcspartaktrnava.com\/en\/author\/spartak\/"}]}},"_links":{"self":[{"href":"https:\/\/fcspartaktrnava.com\/en\/wp-json\/wp\/v2\/posts\/11147","targetHints":{"allow":["GET"]}}],"collection":[{"href":"https:\/\/fcspartaktrnava.com\/en\/wp-json\/wp\/v2\/posts"}],"about":[{"href":"https:\/\/fcspartaktrnava.com\/en\/wp-json\/wp\/v2\/types\/post"}],"author":[{"embeddable":true,"href":"https:\/\/fcspartaktrnava.com\/en\/wp-json\/wp\/v2\/users\/2"}],"replies":[{"embeddable":true,"href":"https:\/\/fcspartaktrnava.com\/en\/wp-json\/wp\/v2\/comments?post=11147"}],"version-history":[{"count":0,"href":"https:\/\/fcspartaktrnava.com\/en\/wp-json\/wp\/v2\/posts\/11147\/revisions"}],"wp:featuredmedia":[{"embeddable":true,"href":"https:\/\/fcspartaktrnava.com\/en\/wp-json\/wp\/v2\/media\/11154"}],"wp:attachment":[{"href":"https:\/\/fcspartaktrnava.com\/en\/wp-json\/wp\/v2\/media?parent=11147"}],"wp:term":[{"taxonomy":"category","embeddable":true,"href":"https:\/\/fcspartaktrnava.com\/en\/wp-json\/wp\/v2\/categories?post=11147"},{"taxonomy":"post_tag","embeddable":true,"href":"https:\/\/fcspartaktrnava.com\/en\/wp-json\/wp\/v2\/tags?post=11147"}],"curies":[{"name":"wp","href":"https:\/\/api.w.org\/{rel}","templated":true}]}}