{"id":11068,"date":"2023-09-16T19:58:54","date_gmt":"2023-09-16T17:58:54","guid":{"rendered":"https:\/\/fcspartaktrnava.com\/?p=11068"},"modified":"2023-09-17T09:02:54","modified_gmt":"2023-09-17T07:02:54","slug":"z-jasneho-zapasu-vitazna-drama","status":"publish","type":"post","link":"https:\/\/fcspartaktrnava.com\/en\/z-jasneho-zapasu-vitazna-drama\/","title":{"rendered":"Z jasn\u00e9ho z\u00e1pasu v\u00ed\u0165azn\u00e1 dr\u00e1ma"},"content":{"rendered":"<div class=\"wp-block-group\"><div class=\"wp-block-group__inner-container is-layout-flow wp-block-group-is-layout-flow\">\n<p class=\"has-text-align-center\" style=\"font-size:16px\">Michalovce, Nik\u00e9 liga, 7. kolo, 16. 9. 2023 o 18:00<\/p>\n\n\n\n<p class=\"has-text-align-center has-large-font-size\">ZEMPL\u00cdN MICHALOVCE<br>FC SPARTAK TRNAVA<\/p>\n\n\n\n<p class=\"has-text-align-center has-x-large-font-size\" style=\"font-style:normal;font-weight:600\">3:4 <\/p>\n<\/div><\/div>\n\n\n\n<div class=\"wp-block-group has-black-color has-text-color has-background\" style=\"background-color:#e2e7ec\"><div class=\"wp-block-group__inner-container is-layout-flow wp-block-group-is-layout-flow\">\n<p><strong>MICHALOVCE<\/strong>:<\/p>\n\n\n\n<p>Sz\u00e1raz \u2013 Marjanovi\u010d, Volanakis (46. Bahi), Je\u0159\u00e1bek \u2013 Marcin (86. Steinh\u00fcbel), Zubairu, Va\u0161ko, Danko (46. \u017dof\u010d\u00e1k), Magda \u2013 J\u00e1no\u0161\u00edk (46. van Kessel), Pav\u00fak (71. Adekunle)<\/p>\n\n\n\n<p><strong>SPARTAK<\/strong>:<\/p>\n\n\n\n<p>Tak\u00e1\u010d \u2013 Ko\u0161trna, \u0160tetina, K\u00f3\u0161a, Mikovi\u010d \u2013 Ofori (87. Ristovski), Bainovi\u010d (74. Proch\u00e1zka), Zeljkovi\u010d, Bern\u00e1t (79. Paur), Azango \u2013 \u010euri\u0161<\/p>\n\n\n\n<p><strong>Yellow cards<\/strong>: Adekunle, Bahi &#8211; Ko\u0161trna<\/p>\n\n\n\n<p><strong>Goals<\/strong>: 36. Marcin, 52. Marcin, 68. van Kessel &#8211; 2. Bern\u00e1t (\u010euri\u0161), 10. \u010euri\u0161, 24. Azango (Ko\u0161trna), 45. Ofori (\u010euri\u0161)<\/p>\n\n\n\n<p><strong>Rozhodoval<\/strong>: Ivan Kru\u017eliak<\/p>\n\n\n\n<p><strong>Pol\u010das<\/strong>: (1:4)<\/p>\n<\/div><\/div>\n\n\n\n<p>Prv\u00e1 polhodina na Zempl\u00edne vyzerala ako pokra\u010dovanie stredaj\u0161ieho z\u00e1pasu v&nbsp;\u0160uranoch, ale Michalovce sa dok\u00e1zali dotiahnu\u0165 na rozdiel jedin\u00e9ho g\u00f3lu.<\/p>\n\n\n\n<p>Spartak mal v&nbsp;Michalovciach raketov\u00fd \u00favod, ke\u010f hne\u010f v&nbsp;2. min\u00fate zalo\u017eil akciu na \u013eavej strane Mikovi\u010d, cez Azanga sa dostala lopta k Duri\u0161ovi, ktor\u00fd na\u0161iel v&nbsp;\u0161estn\u00e1stke Bern\u00e1ta a&nbsp;ten razantnou strelou prestreli dom\u00e1ceho brank\u00e1ra \u2013 0:1.<\/p>\n\n\n\n<p>V&nbsp;10. min sa do streleckej listy zap\u00edsala aj druh\u00e1 posila, ke\u010f tentoraz na opa\u010dnej strane Ofori uvo\u013enil Bern\u00e1ta, ten videl v&nbsp;p\u00e4\u0165ke vo\u013en\u00e9ho K\u00f3\u0161u, ktor\u00e9mu s\u00edce e\u0161te obranca na \u010diare nedovolil sk\u00f3rova\u0165, ale dobiehaj\u00faci \u010euri\u0161 u\u017e loptu upratal do siete.<\/p>\n\n\n\n<p>Po kr\u00e1snom brejku a&nbsp;spolupr\u00e1ci Mikovi\u010da s&nbsp;Bern\u00e1tom dostal loptu do \u0161ance \u010euri\u0161, ale tentoraz netrafil br\u00e1nku. Na opa\u010dnej strane vysk\u00fa\u0161al Zubairu Tak\u00e1\u010da, ktor\u00fd jeho bombu vyrazil a&nbsp;g\u00f3l padol na opa\u010dnej strane. Ko\u0161trna posadil pekn\u00fd center na hlavu Azanga a&nbsp;ten nezav\u00e1hal.<\/p>\n\n\n\n<p>Po tre\u0165om g\u00f3le spartakovci na chv\u00ed\u013eu po\u013eavili a&nbsp;dom\u00e1ci to vyu\u017eili na skorigovanie stavu, ke\u010f Danko na hranici ofsajdu prebral loptu, prihral sp\u00e4tne na opa\u010dn\u00fa stranu, kde bol vo\u013en\u00fd Marcin a&nbsp;ten po\u013eahky zn\u00ed\u017eil.<\/p>\n\n\n\n<p>Z\u00e1ver pol\u010dasu v\u0161ak patril op\u00e4\u0165 hr\u00e1\u010dom Spartaka. Ofori dostal loptu na hranici \u0161estn\u00e1stky, spravil slalom cez troch hr\u00e1\u010dov a&nbsp;z&nbsp;uhla nachytal dom\u00e1ceho brank\u00e1ra, ktor\u00fd \u010dakal zrejme center a&nbsp;nie loptu k&nbsp;bli\u017e\u0161ej ty\u010dke \u2013 1:4.<\/p>\n\n\n\n<p>Dom\u00e1ci tr\u00e9ner v&nbsp;prest\u00e1vke trikr\u00e1t striedal v&nbsp;snahe e\u0161te nie\u010do s&nbsp;v\u00fdsledkom urobi\u0165. Osved\u010dil sa pri svojej premi\u00e9re najm\u00e4 Gino van Kessel, ktor\u00fd prihral na g\u00f3l a&nbsp;tret\u00ed s\u00e1m strelil. Najsk\u00f4r na\u0161iel Marcina, ktor\u00fd prep\u00e1lil Tak\u00e1\u010da a svoj\u00edm druh\u00fdm g\u00f3lom. Hralo sa hore dolu a&nbsp;obrovsk\u00fa \u0161ancu mal Bern\u00e1t, ktor\u00e9mu na \u010diare chytil g\u00f3l Sz\u00e1raz a&nbsp;kr\u00e1tko po \u0148om Bainovi\u010d v&nbsp;dobrej poz\u00edcii prestrelil. Po r\u00fdchlom proti\u00fatoku bol na \u013eavej strane \u00faplne vo\u013en\u00fd Azango, ktor\u00fd strie\u013eanou prihr\u00e1vkou p\u00e1lil okolo brank\u00e1ra, \u010euri\u0161 loptu dorazil do siete, ale rozhodca pos\u00fadil tento dotyk ako ofsajdov\u00fa poz\u00edciu.<\/p>\n\n\n\n<p>Trnav\u010dania si situ\u00e1ciu skomplikovali, ke\u010f Tak\u00e1\u010d rozohr\u00e1val loptu so \u0160tetinom, van Kessel vlo\u017eil do&nbsp; brank\u00e1rovho odkopu nohu a&nbsp;lopta skon\u010dila za Tak\u00e1\u010dov\u00fdm chrbtom.<\/p>\n\n\n\n<p>Michalovce zac\u00edtili \u0161ancu zachr\u00e1ni\u0165 straten\u00fd z\u00e1pas a hr\u00e1\u010di v\u00a0\u017elt\u00fdch dresoch o\u017eili. Tak\u00e1\u010d z\u00a0vytla\u010dil Marcinkovu bombu spoza \u0161estn\u00e1stky, ktor\u00e1 mierila k\u00a0ty\u010dke. Spartakovci si na\u0161\u0165astie vo zvy\u0161ku z\u00e1pasu probl\u00e9my nenechali urobi\u0165 a\u00a0tesn\u00fd v\u00fdsledok dotiahli do kone\u010dn\u00e9ho hvizdu.<\/p>\n\n\n\n<figure class=\"wp-block-embed is-type-video is-provider-youtube wp-block-embed-youtube wp-embed-aspect-16-9 wp-has-aspect-ratio\"><div class=\"wp-block-embed__wrapper\">\n<iframe loading=\"lazy\" title=\"Tla\u010dov\u00e1 konferencia | MFK Zempl\u00edn Michalovce vs. FC Spartak Trnava\" width=\"500\" height=\"281\" src=\"https:\/\/www.youtube.com\/embed\/KjiEreSaKqk?feature=oembed\" frameborder=\"0\" allow=\"accelerometer; autoplay; clipboard-write; encrypted-media; gyroscope; picture-in-picture; web-share\" referrerpolicy=\"strict-origin-when-cross-origin\" allowfullscreen><\/iframe>\n<\/div><\/figure>\n\n\n\n<p class=\"has-vivid-red-color has-text-color has-medium-font-size\"><strong>POVEDALI PO Z\u00c1PASE:<\/strong><\/p>\n\n\n\n<p>Marek Petru\u0161 (Michalovce): <strong><em>\u201e\u0160krt cez rozpo\u010det n\u00e1m urobilo zranenie Ma\u0165a Bedn\u00e1ra v&nbsp;rozcvi\u010dke. Tesne pred z\u00e1pasom sme museli meni\u0165 obrann\u00fa form\u00e1ciu, ktor\u00e1 v&nbsp;prvom pol\u010dase vyzerala tragicky. Na za\u010diatku sme prehr\u00e1vali hne\u010f 0:2 po hrub\u00fdch chyb\u00e1ch, ale Trnava vyzerala v\u00fdborne a&nbsp;n\u00e1m ne\u0161lo skoro ni\u010d. Zn\u00ed\u017eili sme na 1:3 a&nbsp;mali sme pol\u010das dovies\u0165 aspo\u0148 do tohto stavu. \u010co bolo pozit\u00edvne, bola hra v druhom pol\u010dase. Povedali sme si, \u017ee nem\u00e1me \u010do strati\u0165, treba zabojova\u0165 a&nbsp;dohra\u0165 to so c\u0165ou. Dalo sa na to z&nbsp;na\u0161ej strany pozera\u0165. Nesta\u010dilo to ani na rem\u00edzu. Trnava mala viac g\u00f3lov\u00fdch pr\u00edle\u017eitost\u00ed, ale m\u0148a te\u0161\u00ed v\u00fdkon z&nbsp;druh\u00e9ho pol\u010dasu. Nad t\u00fdm prv\u00fdm je treba poprem\u00fd\u0161\u013ea\u0165, lebo u\u017e to bol tret\u00ed z\u00e1pas, ke\u010f v&nbsp;prvom pol\u010dase inkasujeme dva a&nbsp;viac g\u00f3lov. \u0160tyri inkasovan\u00e9 g\u00f3ly, nezasl\u00fa\u017eili sme vyhra\u0165, ale za druh\u00fd pol\u010das mus\u00edm chlapcov pochv\u00e1li\u0165.\u201c<\/em><\/strong><\/p>\n\n\n\n<p>Michal Ga\u0161par\u00edk (Trnava): <strong><em>\u201eMali sme v\u00fdborn\u00fd vstup do z\u00e1pasu, aj prv\u00fd pol\u010das. Z\u00e1pas sme mali jasne pod kontrolou, viedli sme o&nbsp;tri g\u00f3ly, bolo 4:1, \u010do n\u00e1m ve\u013emi pomohlo do pol\u010dasovej prest\u00e1vky. Napriek tomu som mal cez pol\u010das v\u00fdhrady vo\u010di mu\u017estvu a&nbsp;dos\u0165 vec\u00ed mi prek\u00e1\u017ealo. Net\u00fdkali sa v\u00fdkonu, lebo ten bol v\u00fdborn\u00fd, sk\u00f4r pr\u00edstupu, podce\u0148ovania a&nbsp;vyp\u00fa\u0161\u0165ania niektor\u00fdch vec\u00ed. Apeloval som na nich a&nbsp;mu\u017estvo ma nepo\u010d\u00favlo a&nbsp;mohlo sa n\u00e1m nevyplati\u0165. C\u00edtil som, \u017ee nerobia veci tak, akoby mali a&nbsp;futbal je vrtkav\u00fd. Nakoniec sme to nejako ust\u00e1li, ale bolo to ve\u013emi \u0165a\u017ek\u00e9 a&nbsp;zbyto\u010dn\u00e1 dr\u00e1ma. Toto v\u00ed\u0165azstvo by som chcel venova\u0165 chalanom, ktor\u00ed pri\u0161li z&nbsp;Trnavy, preto\u017ee u&nbsp;n\u00e1s je jarmok a&nbsp;oni merali cestu, aby n\u00e1s povzbudili, a&nbsp;to si ve\u013emi v\u00e1\u017eime.\u201c<\/em><\/strong><\/p>","protected":false},"excerpt":{"rendered":"<p>Michalovce, Nik\u00e9 liga, 7. kolo, 16. 9. 2023&#8230;<\/p>","protected":false},"author":2,"featured_media":11069,"comment_status":"closed","ping_status":"closed","sticky":false,"template":"","format":"standard","meta":{"footnotes":""},"categories":[20],"tags":[],"class_list":["post-11068","post","type-post","status-publish","format-standard","has-post-thumbnail","hentry","category-zapas","post-number-1"],"yoast_head":"<!-- This site is optimized with the Yoast SEO plugin v27.1.1 - https:\/\/yoast.com\/product\/yoast-seo-wordpress\/ -->\n<title>Z jasn\u00e9ho z\u00e1pasu v\u00ed\u0165azn\u00e1 dr\u00e1ma - FC Spartak Trnava<\/title>\n<meta name=\"robots\" content=\"index, follow, max-snippet:-1, max-image-preview:large, max-video-preview:-1\" \/>\n<link rel=\"canonical\" href=\"https:\/\/fcspartaktrnava.com\/en\/z-jasneho-zapasu-vitazna-drama\/\" \/>\n<meta name=\"twitter:label1\" content=\"Written by\" \/>\n\t<meta name=\"twitter:data1\" content=\"spartak\" \/>\n\t<meta name=\"twitter:label2\" content=\"Estimated reading time\" \/>\n\t<meta name=\"twitter:data2\" content=\"4 minutes\" \/>\n<script type=\"application\/ld+json\" class=\"yoast-schema-graph\">{\"@context\":\"https:\/\/schema.org\",\"@graph\":[{\"@type\":\"Article\",\"@id\":\"https:\/\/fcspartaktrnava.com\/z-jasneho-zapasu-vitazna-drama\/#article\",\"isPartOf\":{\"@id\":\"https:\/\/fcspartaktrnava.com\/z-jasneho-zapasu-vitazna-drama\/\"},\"author\":{\"name\":\"spartak\",\"@id\":\"https:\/\/fcspartaktrnava.com\/#\/schema\/person\/24bc5b254af14f71d7d8af178790aa75\"},\"headline\":\"Z jasn\u00e9ho z\u00e1pasu v\u00ed\u0165azn\u00e1 dr\u00e1ma\",\"datePublished\":\"2023-09-16T17:58:54+00:00\",\"dateModified\":\"2023-09-17T07:02:54+00:00\",\"mainEntityOfPage\":{\"@id\":\"https:\/\/fcspartaktrnava.com\/z-jasneho-zapasu-vitazna-drama\/\"},\"wordCount\":973,\"publisher\":{\"@id\":\"https:\/\/fcspartaktrnava.com\/#organization\"},\"image\":{\"@id\":\"https:\/\/fcspartaktrnava.com\/z-jasneho-zapasu-vitazna-drama\/#primaryimage\"},\"thumbnailUrl\":\"https:\/\/fcspartaktrnava.com\/wp-content\/uploads\/2023\/09\/DSC_3069-scaled.jpg\",\"articleSection\":[\"Z\u00e1pas\"],\"inLanguage\":\"en-GB\"},{\"@type\":\"WebPage\",\"@id\":\"https:\/\/fcspartaktrnava.com\/z-jasneho-zapasu-vitazna-drama\/\",\"url\":\"https:\/\/fcspartaktrnava.com\/z-jasneho-zapasu-vitazna-drama\/\",\"name\":\"Z jasn\u00e9ho z\u00e1pasu v\u00ed\u0165azn\u00e1 dr\u00e1ma - FC Spartak Trnava\",\"isPartOf\":{\"@id\":\"https:\/\/fcspartaktrnava.com\/#website\"},\"primaryImageOfPage\":{\"@id\":\"https:\/\/fcspartaktrnava.com\/z-jasneho-zapasu-vitazna-drama\/#primaryimage\"},\"image\":{\"@id\":\"https:\/\/fcspartaktrnava.com\/z-jasneho-zapasu-vitazna-drama\/#primaryimage\"},\"thumbnailUrl\":\"https:\/\/fcspartaktrnava.com\/wp-content\/uploads\/2023\/09\/DSC_3069-scaled.jpg\",\"datePublished\":\"2023-09-16T17:58:54+00:00\",\"dateModified\":\"2023-09-17T07:02:54+00:00\",\"breadcrumb\":{\"@id\":\"https:\/\/fcspartaktrnava.com\/z-jasneho-zapasu-vitazna-drama\/#breadcrumb\"},\"inLanguage\":\"en-GB\",\"potentialAction\":[{\"@type\":\"ReadAction\",\"target\":[\"https:\/\/fcspartaktrnava.com\/z-jasneho-zapasu-vitazna-drama\/\"]}]},{\"@type\":\"ImageObject\",\"inLanguage\":\"en-GB\",\"@id\":\"https:\/\/fcspartaktrnava.com\/z-jasneho-zapasu-vitazna-drama\/#primaryimage\",\"url\":\"https:\/\/fcspartaktrnava.com\/wp-content\/uploads\/2023\/09\/DSC_3069-scaled.jpg\",\"contentUrl\":\"https:\/\/fcspartaktrnava.com\/wp-content\/uploads\/2023\/09\/DSC_3069-scaled.jpg\",\"width\":2560,\"height\":1703},{\"@type\":\"BreadcrumbList\",\"@id\":\"https:\/\/fcspartaktrnava.com\/z-jasneho-zapasu-vitazna-drama\/#breadcrumb\",\"itemListElement\":[{\"@type\":\"ListItem\",\"position\":1,\"name\":\"Home\",\"item\":\"https:\/\/fcspartaktrnava.com\/\"},{\"@type\":\"ListItem\",\"position\":2,\"name\":\"Z jasn\u00e9ho z\u00e1pasu v\u00ed\u0165azn\u00e1 dr\u00e1ma\"}]},{\"@type\":\"WebSite\",\"@id\":\"https:\/\/fcspartaktrnava.com\/#website\",\"url\":\"https:\/\/fcspartaktrnava.com\/\",\"name\":\"FC Spartak Trnava\",\"description\":\"ofici\u00e1lna webstr\u00e1nka futbalov\u00e9ho klubu\",\"publisher\":{\"@id\":\"https:\/\/fcspartaktrnava.com\/#organization\"},\"potentialAction\":[{\"@type\":\"SearchAction\",\"target\":{\"@type\":\"EntryPoint\",\"urlTemplate\":\"https:\/\/fcspartaktrnava.com\/?s={search_term_string}\"},\"query-input\":{\"@type\":\"PropertyValueSpecification\",\"valueRequired\":true,\"valueName\":\"search_term_string\"}}],\"inLanguage\":\"en-GB\"},{\"@type\":\"Organization\",\"@id\":\"https:\/\/fcspartaktrnava.com\/#organization\",\"name\":\"FC Spartak Trnava\",\"alternateName\":\"Spartak\",\"url\":\"https:\/\/fcspartaktrnava.com\/\",\"logo\":{\"@type\":\"ImageObject\",\"inLanguage\":\"en-GB\",\"@id\":\"https:\/\/fcspartaktrnava.com\/#\/schema\/logo\/image\/\",\"url\":\"https:\/\/fcspartaktrnava.com\/wp-content\/uploads\/2022\/08\/cropped-site_logo.png\",\"contentUrl\":\"https:\/\/fcspartaktrnava.com\/wp-content\/uploads\/2022\/08\/cropped-site_logo.png\",\"width\":140,\"height\":140,\"caption\":\"FC Spartak Trnava\"},\"image\":{\"@id\":\"https:\/\/fcspartaktrnava.com\/#\/schema\/logo\/image\/\"},\"sameAs\":[\"https:\/\/www.facebook.com\/SpartakTrnava\",\"https:\/\/x.com\/SpartakTrnava1\",\"https:\/\/www.instagram.com\/spartak_sk\/\"]},{\"@type\":\"Person\",\"@id\":\"https:\/\/fcspartaktrnava.com\/#\/schema\/person\/24bc5b254af14f71d7d8af178790aa75\",\"name\":\"spartak\",\"image\":{\"@type\":\"ImageObject\",\"inLanguage\":\"en-GB\",\"@id\":\"https:\/\/fcspartaktrnava.com\/#\/schema\/person\/image\/\",\"url\":\"https:\/\/secure.gravatar.com\/avatar\/f8ff8584f3fcf3909a11a6da9019f37749183b4015bca14e64556c52614cdc7f?s=96&d=mm&r=g\",\"contentUrl\":\"https:\/\/secure.gravatar.com\/avatar\/f8ff8584f3fcf3909a11a6da9019f37749183b4015bca14e64556c52614cdc7f?s=96&d=mm&r=g\",\"caption\":\"spartak\"},\"url\":\"https:\/\/fcspartaktrnava.com\/en\/author\/spartak\/\"}]}<\/script>\n<!-- \/ Yoast SEO plugin. -->","yoast_head_json":{"title":"Z jasn\u00e9ho z\u00e1pasu v\u00ed\u0165azn\u00e1 dr\u00e1ma - FC Spartak Trnava","robots":{"index":"index","follow":"follow","max-snippet":"max-snippet:-1","max-image-preview":"max-image-preview:large","max-video-preview":"max-video-preview:-1"},"canonical":"https:\/\/fcspartaktrnava.com\/en\/z-jasneho-zapasu-vitazna-drama\/","twitter_misc":{"Written by":"spartak","Estimated reading time":"4 minutes"},"schema":{"@context":"https:\/\/schema.org","@graph":[{"@type":"Article","@id":"https:\/\/fcspartaktrnava.com\/z-jasneho-zapasu-vitazna-drama\/#article","isPartOf":{"@id":"https:\/\/fcspartaktrnava.com\/z-jasneho-zapasu-vitazna-drama\/"},"author":{"name":"spartak","@id":"https:\/\/fcspartaktrnava.com\/#\/schema\/person\/24bc5b254af14f71d7d8af178790aa75"},"headline":"Z jasn\u00e9ho z\u00e1pasu v\u00ed\u0165azn\u00e1 dr\u00e1ma","datePublished":"2023-09-16T17:58:54+00:00","dateModified":"2023-09-17T07:02:54+00:00","mainEntityOfPage":{"@id":"https:\/\/fcspartaktrnava.com\/z-jasneho-zapasu-vitazna-drama\/"},"wordCount":973,"publisher":{"@id":"https:\/\/fcspartaktrnava.com\/#organization"},"image":{"@id":"https:\/\/fcspartaktrnava.com\/z-jasneho-zapasu-vitazna-drama\/#primaryimage"},"thumbnailUrl":"https:\/\/fcspartaktrnava.com\/wp-content\/uploads\/2023\/09\/DSC_3069-scaled.jpg","articleSection":["Z\u00e1pas"],"inLanguage":"en-GB"},{"@type":"WebPage","@id":"https:\/\/fcspartaktrnava.com\/z-jasneho-zapasu-vitazna-drama\/","url":"https:\/\/fcspartaktrnava.com\/z-jasneho-zapasu-vitazna-drama\/","name":"Z jasn\u00e9ho z\u00e1pasu v\u00ed\u0165azn\u00e1 dr\u00e1ma - FC Spartak Trnava","isPartOf":{"@id":"https:\/\/fcspartaktrnava.com\/#website"},"primaryImageOfPage":{"@id":"https:\/\/fcspartaktrnava.com\/z-jasneho-zapasu-vitazna-drama\/#primaryimage"},"image":{"@id":"https:\/\/fcspartaktrnava.com\/z-jasneho-zapasu-vitazna-drama\/#primaryimage"},"thumbnailUrl":"https:\/\/fcspartaktrnava.com\/wp-content\/uploads\/2023\/09\/DSC_3069-scaled.jpg","datePublished":"2023-09-16T17:58:54+00:00","dateModified":"2023-09-17T07:02:54+00:00","breadcrumb":{"@id":"https:\/\/fcspartaktrnava.com\/z-jasneho-zapasu-vitazna-drama\/#breadcrumb"},"inLanguage":"en-GB","potentialAction":[{"@type":"ReadAction","target":["https:\/\/fcspartaktrnava.com\/z-jasneho-zapasu-vitazna-drama\/"]}]},{"@type":"ImageObject","inLanguage":"en-GB","@id":"https:\/\/fcspartaktrnava.com\/z-jasneho-zapasu-vitazna-drama\/#primaryimage","url":"https:\/\/fcspartaktrnava.com\/wp-content\/uploads\/2023\/09\/DSC_3069-scaled.jpg","contentUrl":"https:\/\/fcspartaktrnava.com\/wp-content\/uploads\/2023\/09\/DSC_3069-scaled.jpg","width":2560,"height":1703},{"@type":"BreadcrumbList","@id":"https:\/\/fcspartaktrnava.com\/z-jasneho-zapasu-vitazna-drama\/#breadcrumb","itemListElement":[{"@type":"ListItem","position":1,"name":"Home","item":"https:\/\/fcspartaktrnava.com\/"},{"@type":"ListItem","position":2,"name":"Z jasn\u00e9ho z\u00e1pasu v\u00ed\u0165azn\u00e1 dr\u00e1ma"}]},{"@type":"WebSite","@id":"https:\/\/fcspartaktrnava.com\/#website","url":"https:\/\/fcspartaktrnava.com\/","name":"FC Spartak Trnava","description":"ofici\u00e1lna webstr\u00e1nka futbalov\u00e9ho klubu","publisher":{"@id":"https:\/\/fcspartaktrnava.com\/#organization"},"potentialAction":[{"@type":"SearchAction","target":{"@type":"EntryPoint","urlTemplate":"https:\/\/fcspartaktrnava.com\/?s={search_term_string}"},"query-input":{"@type":"PropertyValueSpecification","valueRequired":true,"valueName":"search_term_string"}}],"inLanguage":"en-GB"},{"@type":"Organization","@id":"https:\/\/fcspartaktrnava.com\/#organization","name":"FC Spartak Trnava","alternateName":"Spartak","url":"https:\/\/fcspartaktrnava.com\/","logo":{"@type":"ImageObject","inLanguage":"en-GB","@id":"https:\/\/fcspartaktrnava.com\/#\/schema\/logo\/image\/","url":"https:\/\/fcspartaktrnava.com\/wp-content\/uploads\/2022\/08\/cropped-site_logo.png","contentUrl":"https:\/\/fcspartaktrnava.com\/wp-content\/uploads\/2022\/08\/cropped-site_logo.png","width":140,"height":140,"caption":"FC Spartak Trnava"},"image":{"@id":"https:\/\/fcspartaktrnava.com\/#\/schema\/logo\/image\/"},"sameAs":["https:\/\/www.facebook.com\/SpartakTrnava","https:\/\/x.com\/SpartakTrnava1","https:\/\/www.instagram.com\/spartak_sk\/"]},{"@type":"Person","@id":"https:\/\/fcspartaktrnava.com\/#\/schema\/person\/24bc5b254af14f71d7d8af178790aa75","name":"spartak","image":{"@type":"ImageObject","inLanguage":"en-GB","@id":"https:\/\/fcspartaktrnava.com\/#\/schema\/person\/image\/","url":"https:\/\/secure.gravatar.com\/avatar\/f8ff8584f3fcf3909a11a6da9019f37749183b4015bca14e64556c52614cdc7f?s=96&d=mm&r=g","contentUrl":"https:\/\/secure.gravatar.com\/avatar\/f8ff8584f3fcf3909a11a6da9019f37749183b4015bca14e64556c52614cdc7f?s=96&d=mm&r=g","caption":"spartak"},"url":"https:\/\/fcspartaktrnava.com\/en\/author\/spartak\/"}]}},"_links":{"self":[{"href":"https:\/\/fcspartaktrnava.com\/en\/wp-json\/wp\/v2\/posts\/11068","targetHints":{"allow":["GET"]}}],"collection":[{"href":"https:\/\/fcspartaktrnava.com\/en\/wp-json\/wp\/v2\/posts"}],"about":[{"href":"https:\/\/fcspartaktrnava.com\/en\/wp-json\/wp\/v2\/types\/post"}],"author":[{"embeddable":true,"href":"https:\/\/fcspartaktrnava.com\/en\/wp-json\/wp\/v2\/users\/2"}],"replies":[{"embeddable":true,"href":"https:\/\/fcspartaktrnava.com\/en\/wp-json\/wp\/v2\/comments?post=11068"}],"version-history":[{"count":0,"href":"https:\/\/fcspartaktrnava.com\/en\/wp-json\/wp\/v2\/posts\/11068\/revisions"}],"wp:featuredmedia":[{"embeddable":true,"href":"https:\/\/fcspartaktrnava.com\/en\/wp-json\/wp\/v2\/media\/11069"}],"wp:attachment":[{"href":"https:\/\/fcspartaktrnava.com\/en\/wp-json\/wp\/v2\/media?parent=11068"}],"wp:term":[{"taxonomy":"category","embeddable":true,"href":"https:\/\/fcspartaktrnava.com\/en\/wp-json\/wp\/v2\/categories?post=11068"},{"taxonomy":"post_tag","embeddable":true,"href":"https:\/\/fcspartaktrnava.com\/en\/wp-json\/wp\/v2\/tags?post=11068"}],"curies":[{"name":"wp","href":"https:\/\/api.w.org\/{rel}","templated":true}]}}