{"id":10956,"date":"2023-09-11T18:15:09","date_gmt":"2023-09-11T16:15:09","guid":{"rendered":"https:\/\/fcspartaktrnava.com\/?p=10956"},"modified":"2023-09-11T18:15:09","modified_gmt":"2023-09-11T16:15:09","slug":"durisovi-odporucil-spartak-aj-bakos","status":"publish","type":"post","link":"https:\/\/fcspartaktrnava.com\/en\/durisovi-odporucil-spartak-aj-bakos\/","title":{"rendered":"\u010euri\u0161ovi odporu\u010dil Spartak aj Bako\u0161"},"content":{"rendered":"<p>Minul\u00fd t\u00fd\u017ede\u0148 sme informovali o&nbsp;tom, \u017ee Spartak sa v&nbsp;posledn\u00fd mo\u017en\u00fd de\u0148 dohodol na hos\u0165ovan\u00ed \u00fato\u010dn\u00edka Michala \u010euri\u0161a, ktor\u00fd do konca kalend\u00e1rneho roka prich\u00e1dza z&nbsp;cypersk\u00e9ho klubu Othellos Athienou.<\/p>\n\n\n\n<p>Minul\u00fd t\u00fd\u017ede\u0148 doprial Michal Ga\u0161par\u00edk svojim zverencom dlh\u0161ie vo\u013eno, ktor\u00e9ho si po\u010das letn\u00fdch mesiacov pr\u00edli\u0161 neu\u017eili, no dnes u\u017e zarez\u00e1vali na tr\u00e9ningu aj nov\u00e9 posily, vr\u00e1tane \u010euri\u0161a.<\/p>\n\n\n\n<p><strong><em>\u201eSom r\u00e1d, \u017ee m\u00f4\u017eem by\u0165 tu a&nbsp;som pln\u00fd o\u010dak\u00e1vania. Na Slovensko sa vraciam po nejak\u00fdch 12 rokoch a&nbsp;je to nie\u010do nov\u00e9. Pam\u00e4t\u00e1m si e\u0161te ten star\u00fd \u0161tadi\u00f3n, u\u017e ten bol kr\u00e1sny a&nbsp;tento je e\u0161te kraj\u0161\u00ed. Mal som t\u00fa \u010des\u0165 hra\u0165 tu zop\u00e1r z\u00e1pasov s&nbsp;reprezent\u00e1ciou a&nbsp;bolo to kr\u00e1sne, ke\u010f sa \u0161tadi\u00f3n naplnil, trnavsk\u00e9 publikum je c\u00edti\u0165 a&nbsp;ja ver\u00edm, \u017ee n\u00e1s bud\u00fa podporova\u0165 po\u010das celej sez\u00f3ny,\u201c<\/em><\/strong> hovor\u00ed sk\u00fasen\u00fd \u00fato\u010dn\u00edk Michal \u010euri\u0161, ktor\u00fd m\u00e1 na svojom konte 99 prvoligov\u00fdch g\u00f3lov a&nbsp;ten \u010fal\u0161\u00ed ho posunie do Klubu ligov\u00fdch kanonierov.<\/p>\n\n\n\n<p>\u010euri\u0161 m\u00e1 obrovsk\u00e9 sk\u00fasenosti aj z&nbsp;medzin\u00e1rodn\u00fdch z\u00e1pasov. Skupinov\u00fa f\u00e1zu ok\u00fasil aj v&nbsp;Lige majstrov a&nbsp;pr\u00e1ve o&nbsp;tieto sk\u00fasenosti sa bude chcie\u0165 opiera\u0165 tr\u00e9ner Ga\u0161par\u00edk. Z&nbsp;k\u00e1dra, ktor\u00fd hral Eur\u00f3psku ligu aj po\u010das jesene pred piatimi rokmi ostal iba Dominik Tak\u00e1\u010d. Aj vtedy pri\u0161la do Trnavy posila na posledn\u00fa chv\u00ed\u013eu, ktorou bol Marek Bako\u0161, b\u00fdval\u00fd spoluhr\u00e1\u010d \u010euri\u0161a z&nbsp;Plzne. Pr\u00e1ve t\u00e1to asoci\u00e1cia sa mnoh\u00fdm fan\u00fa\u0161ikom vynorila po pr\u00edchode Michala \u010euri\u0161a.<\/p>\n\n\n\n<p><strong><em>\u201eS&nbsp;Bakim sme ve\u013emi dobr\u00ed kamar\u00e1ti a&nbsp;bavil som sa s&nbsp;n\u00edm o&nbsp;tom. Prial mi v\u0161etko dobr\u00e9 a&nbsp;vravel, \u017ee tu budem ur\u010dite spokojn\u00fd. Tie n\u00e1roky na m\u0148a alebo na in\u00fdch futbalistov s\u00fa kladen\u00e9 st\u00e1le a&nbsp;ver\u00edm, \u017ee z\u00faro\u010d\u00edm to, \u010do Trnava odo m\u0148a o\u010dak\u00e1va. Je to v\u00fdzva a&nbsp;ver\u00edm, \u017ee spolo\u010dn\u00fdmi silami dok\u00e1\u017eeme vybojova\u0165 nejak\u00e9 dobr\u00e9 v\u00fdsledky.\u201c<\/em><\/strong><\/p>\n\n\n\n<figure class=\"wp-block-embed is-type-video is-provider-youtube wp-block-embed-youtube wp-embed-aspect-16-9 wp-has-aspect-ratio\"><div class=\"wp-block-embed__wrapper\">\n<iframe loading=\"lazy\" title=\"Michal \u010euri\u0161: Som r\u00e1d, \u017ee m\u00f4\u017eem by\u0165 tu a som pln\u00fd o\u010dak\u00e1vania\" width=\"500\" height=\"281\" src=\"https:\/\/www.youtube.com\/embed\/3P6tuHGp_bk?feature=oembed\" frameborder=\"0\" allow=\"accelerometer; autoplay; clipboard-write; encrypted-media; gyroscope; picture-in-picture; web-share\" referrerpolicy=\"strict-origin-when-cross-origin\" allowfullscreen><\/iframe>\n<\/div><\/figure>\n\n\n\n<p>\u010euri\u0161 m\u00f4\u017ee za\u017ei\u0165 premi\u00e9ru v\u00a0spartakovskom drese u\u017e t\u00fato stredu, ke\u010f obhajca Slovensk\u00e9ho poh\u00e1ra nast\u00fapi na svoj prv\u00fd z\u00e1pas o\u00a016:30 v\u00a0\u0160uranoch.<\/p>\n\n\n\n<p><\/p>","protected":false},"excerpt":{"rendered":"<p>Minul\u00fd t\u00fd\u017ede\u0148 sme informovali o&nbsp;tom, \u017ee Spartak sa&#8230;<\/p>","protected":false},"author":2,"featured_media":10957,"comment_status":"closed","ping_status":"closed","sticky":false,"template":"","format":"standard","meta":{"footnotes":""},"categories":[41],"tags":[],"class_list":["post-10956","post","type-post","status-publish","format-standard","has-post-thumbnail","hentry","category-intervju","post-number-1"],"yoast_head":"<!-- This site is optimized with the Yoast SEO plugin v27.1.1 - https:\/\/yoast.com\/product\/yoast-seo-wordpress\/ -->\n<title>\u010euri\u0161ovi odporu\u010dil Spartak aj Bako\u0161 - FC Spartak Trnava<\/title>\n<meta name=\"robots\" content=\"index, follow, max-snippet:-1, max-image-preview:large, max-video-preview:-1\" \/>\n<link rel=\"canonical\" href=\"https:\/\/fcspartaktrnava.com\/en\/durisovi-odporucil-spartak-aj-bakos\/\" \/>\n<meta name=\"twitter:label1\" content=\"Written by\" \/>\n\t<meta name=\"twitter:data1\" content=\"spartak\" \/>\n\t<meta name=\"twitter:label2\" content=\"Estimated reading time\" \/>\n\t<meta name=\"twitter:data2\" content=\"2 minutes\" \/>\n<script type=\"application\/ld+json\" class=\"yoast-schema-graph\">{\"@context\":\"https:\/\/schema.org\",\"@graph\":[{\"@type\":\"Article\",\"@id\":\"https:\/\/fcspartaktrnava.com\/durisovi-odporucil-spartak-aj-bakos\/#article\",\"isPartOf\":{\"@id\":\"https:\/\/fcspartaktrnava.com\/durisovi-odporucil-spartak-aj-bakos\/\"},\"author\":{\"name\":\"spartak\",\"@id\":\"https:\/\/fcspartaktrnava.com\/#\/schema\/person\/24bc5b254af14f71d7d8af178790aa75\"},\"headline\":\"\u010euri\u0161ovi odporu\u010dil Spartak aj Bako\u0161\",\"datePublished\":\"2023-09-11T16:15:09+00:00\",\"mainEntityOfPage\":{\"@id\":\"https:\/\/fcspartaktrnava.com\/durisovi-odporucil-spartak-aj-bakos\/\"},\"wordCount\":440,\"publisher\":{\"@id\":\"https:\/\/fcspartaktrnava.com\/#organization\"},\"image\":{\"@id\":\"https:\/\/fcspartaktrnava.com\/durisovi-odporucil-spartak-aj-bakos\/#primaryimage\"},\"thumbnailUrl\":\"https:\/\/fcspartaktrnava.com\/wp-content\/uploads\/2023\/09\/duris.jpeg\",\"articleSection\":[\"Rozhovory\"],\"inLanguage\":\"en-GB\"},{\"@type\":\"WebPage\",\"@id\":\"https:\/\/fcspartaktrnava.com\/durisovi-odporucil-spartak-aj-bakos\/\",\"url\":\"https:\/\/fcspartaktrnava.com\/durisovi-odporucil-spartak-aj-bakos\/\",\"name\":\"\u010euri\u0161ovi odporu\u010dil Spartak aj Bako\u0161 - FC Spartak Trnava\",\"isPartOf\":{\"@id\":\"https:\/\/fcspartaktrnava.com\/#website\"},\"primaryImageOfPage\":{\"@id\":\"https:\/\/fcspartaktrnava.com\/durisovi-odporucil-spartak-aj-bakos\/#primaryimage\"},\"image\":{\"@id\":\"https:\/\/fcspartaktrnava.com\/durisovi-odporucil-spartak-aj-bakos\/#primaryimage\"},\"thumbnailUrl\":\"https:\/\/fcspartaktrnava.com\/wp-content\/uploads\/2023\/09\/duris.jpeg\",\"datePublished\":\"2023-09-11T16:15:09+00:00\",\"breadcrumb\":{\"@id\":\"https:\/\/fcspartaktrnava.com\/durisovi-odporucil-spartak-aj-bakos\/#breadcrumb\"},\"inLanguage\":\"en-GB\",\"potentialAction\":[{\"@type\":\"ReadAction\",\"target\":[\"https:\/\/fcspartaktrnava.com\/durisovi-odporucil-spartak-aj-bakos\/\"]}]},{\"@type\":\"ImageObject\",\"inLanguage\":\"en-GB\",\"@id\":\"https:\/\/fcspartaktrnava.com\/durisovi-odporucil-spartak-aj-bakos\/#primaryimage\",\"url\":\"https:\/\/fcspartaktrnava.com\/wp-content\/uploads\/2023\/09\/duris.jpeg\",\"contentUrl\":\"https:\/\/fcspartaktrnava.com\/wp-content\/uploads\/2023\/09\/duris.jpeg\",\"width\":1600,\"height\":1066},{\"@type\":\"BreadcrumbList\",\"@id\":\"https:\/\/fcspartaktrnava.com\/durisovi-odporucil-spartak-aj-bakos\/#breadcrumb\",\"itemListElement\":[{\"@type\":\"ListItem\",\"position\":1,\"name\":\"Home\",\"item\":\"https:\/\/fcspartaktrnava.com\/\"},{\"@type\":\"ListItem\",\"position\":2,\"name\":\"\u010euri\u0161ovi odporu\u010dil Spartak aj Bako\u0161\"}]},{\"@type\":\"WebSite\",\"@id\":\"https:\/\/fcspartaktrnava.com\/#website\",\"url\":\"https:\/\/fcspartaktrnava.com\/\",\"name\":\"FC Spartak Trnava\",\"description\":\"ofici\u00e1lna webstr\u00e1nka futbalov\u00e9ho klubu\",\"publisher\":{\"@id\":\"https:\/\/fcspartaktrnava.com\/#organization\"},\"potentialAction\":[{\"@type\":\"SearchAction\",\"target\":{\"@type\":\"EntryPoint\",\"urlTemplate\":\"https:\/\/fcspartaktrnava.com\/?s={search_term_string}\"},\"query-input\":{\"@type\":\"PropertyValueSpecification\",\"valueRequired\":true,\"valueName\":\"search_term_string\"}}],\"inLanguage\":\"en-GB\"},{\"@type\":\"Organization\",\"@id\":\"https:\/\/fcspartaktrnava.com\/#organization\",\"name\":\"FC Spartak Trnava\",\"alternateName\":\"Spartak\",\"url\":\"https:\/\/fcspartaktrnava.com\/\",\"logo\":{\"@type\":\"ImageObject\",\"inLanguage\":\"en-GB\",\"@id\":\"https:\/\/fcspartaktrnava.com\/#\/schema\/logo\/image\/\",\"url\":\"https:\/\/fcspartaktrnava.com\/wp-content\/uploads\/2022\/08\/cropped-site_logo.png\",\"contentUrl\":\"https:\/\/fcspartaktrnava.com\/wp-content\/uploads\/2022\/08\/cropped-site_logo.png\",\"width\":140,\"height\":140,\"caption\":\"FC Spartak Trnava\"},\"image\":{\"@id\":\"https:\/\/fcspartaktrnava.com\/#\/schema\/logo\/image\/\"},\"sameAs\":[\"https:\/\/www.facebook.com\/SpartakTrnava\",\"https:\/\/x.com\/SpartakTrnava1\",\"https:\/\/www.instagram.com\/spartak_sk\/\"]},{\"@type\":\"Person\",\"@id\":\"https:\/\/fcspartaktrnava.com\/#\/schema\/person\/24bc5b254af14f71d7d8af178790aa75\",\"name\":\"spartak\",\"image\":{\"@type\":\"ImageObject\",\"inLanguage\":\"en-GB\",\"@id\":\"https:\/\/fcspartaktrnava.com\/#\/schema\/person\/image\/\",\"url\":\"https:\/\/secure.gravatar.com\/avatar\/f8ff8584f3fcf3909a11a6da9019f37749183b4015bca14e64556c52614cdc7f?s=96&d=mm&r=g\",\"contentUrl\":\"https:\/\/secure.gravatar.com\/avatar\/f8ff8584f3fcf3909a11a6da9019f37749183b4015bca14e64556c52614cdc7f?s=96&d=mm&r=g\",\"caption\":\"spartak\"},\"url\":\"https:\/\/fcspartaktrnava.com\/en\/author\/spartak\/\"}]}<\/script>\n<!-- \/ Yoast SEO plugin. -->","yoast_head_json":{"title":"\u010euri\u0161ovi odporu\u010dil Spartak aj Bako\u0161 - FC Spartak Trnava","robots":{"index":"index","follow":"follow","max-snippet":"max-snippet:-1","max-image-preview":"max-image-preview:large","max-video-preview":"max-video-preview:-1"},"canonical":"https:\/\/fcspartaktrnava.com\/en\/durisovi-odporucil-spartak-aj-bakos\/","twitter_misc":{"Written by":"spartak","Estimated reading time":"2 minutes"},"schema":{"@context":"https:\/\/schema.org","@graph":[{"@type":"Article","@id":"https:\/\/fcspartaktrnava.com\/durisovi-odporucil-spartak-aj-bakos\/#article","isPartOf":{"@id":"https:\/\/fcspartaktrnava.com\/durisovi-odporucil-spartak-aj-bakos\/"},"author":{"name":"spartak","@id":"https:\/\/fcspartaktrnava.com\/#\/schema\/person\/24bc5b254af14f71d7d8af178790aa75"},"headline":"\u010euri\u0161ovi odporu\u010dil Spartak aj Bako\u0161","datePublished":"2023-09-11T16:15:09+00:00","mainEntityOfPage":{"@id":"https:\/\/fcspartaktrnava.com\/durisovi-odporucil-spartak-aj-bakos\/"},"wordCount":440,"publisher":{"@id":"https:\/\/fcspartaktrnava.com\/#organization"},"image":{"@id":"https:\/\/fcspartaktrnava.com\/durisovi-odporucil-spartak-aj-bakos\/#primaryimage"},"thumbnailUrl":"https:\/\/fcspartaktrnava.com\/wp-content\/uploads\/2023\/09\/duris.jpeg","articleSection":["Rozhovory"],"inLanguage":"en-GB"},{"@type":"WebPage","@id":"https:\/\/fcspartaktrnava.com\/durisovi-odporucil-spartak-aj-bakos\/","url":"https:\/\/fcspartaktrnava.com\/durisovi-odporucil-spartak-aj-bakos\/","name":"\u010euri\u0161ovi odporu\u010dil Spartak aj Bako\u0161 - FC Spartak Trnava","isPartOf":{"@id":"https:\/\/fcspartaktrnava.com\/#website"},"primaryImageOfPage":{"@id":"https:\/\/fcspartaktrnava.com\/durisovi-odporucil-spartak-aj-bakos\/#primaryimage"},"image":{"@id":"https:\/\/fcspartaktrnava.com\/durisovi-odporucil-spartak-aj-bakos\/#primaryimage"},"thumbnailUrl":"https:\/\/fcspartaktrnava.com\/wp-content\/uploads\/2023\/09\/duris.jpeg","datePublished":"2023-09-11T16:15:09+00:00","breadcrumb":{"@id":"https:\/\/fcspartaktrnava.com\/durisovi-odporucil-spartak-aj-bakos\/#breadcrumb"},"inLanguage":"en-GB","potentialAction":[{"@type":"ReadAction","target":["https:\/\/fcspartaktrnava.com\/durisovi-odporucil-spartak-aj-bakos\/"]}]},{"@type":"ImageObject","inLanguage":"en-GB","@id":"https:\/\/fcspartaktrnava.com\/durisovi-odporucil-spartak-aj-bakos\/#primaryimage","url":"https:\/\/fcspartaktrnava.com\/wp-content\/uploads\/2023\/09\/duris.jpeg","contentUrl":"https:\/\/fcspartaktrnava.com\/wp-content\/uploads\/2023\/09\/duris.jpeg","width":1600,"height":1066},{"@type":"BreadcrumbList","@id":"https:\/\/fcspartaktrnava.com\/durisovi-odporucil-spartak-aj-bakos\/#breadcrumb","itemListElement":[{"@type":"ListItem","position":1,"name":"Home","item":"https:\/\/fcspartaktrnava.com\/"},{"@type":"ListItem","position":2,"name":"\u010euri\u0161ovi odporu\u010dil Spartak aj Bako\u0161"}]},{"@type":"WebSite","@id":"https:\/\/fcspartaktrnava.com\/#website","url":"https:\/\/fcspartaktrnava.com\/","name":"FC Spartak Trnava","description":"ofici\u00e1lna webstr\u00e1nka futbalov\u00e9ho klubu","publisher":{"@id":"https:\/\/fcspartaktrnava.com\/#organization"},"potentialAction":[{"@type":"SearchAction","target":{"@type":"EntryPoint","urlTemplate":"https:\/\/fcspartaktrnava.com\/?s={search_term_string}"},"query-input":{"@type":"PropertyValueSpecification","valueRequired":true,"valueName":"search_term_string"}}],"inLanguage":"en-GB"},{"@type":"Organization","@id":"https:\/\/fcspartaktrnava.com\/#organization","name":"FC Spartak Trnava","alternateName":"Spartak","url":"https:\/\/fcspartaktrnava.com\/","logo":{"@type":"ImageObject","inLanguage":"en-GB","@id":"https:\/\/fcspartaktrnava.com\/#\/schema\/logo\/image\/","url":"https:\/\/fcspartaktrnava.com\/wp-content\/uploads\/2022\/08\/cropped-site_logo.png","contentUrl":"https:\/\/fcspartaktrnava.com\/wp-content\/uploads\/2022\/08\/cropped-site_logo.png","width":140,"height":140,"caption":"FC Spartak Trnava"},"image":{"@id":"https:\/\/fcspartaktrnava.com\/#\/schema\/logo\/image\/"},"sameAs":["https:\/\/www.facebook.com\/SpartakTrnava","https:\/\/x.com\/SpartakTrnava1","https:\/\/www.instagram.com\/spartak_sk\/"]},{"@type":"Person","@id":"https:\/\/fcspartaktrnava.com\/#\/schema\/person\/24bc5b254af14f71d7d8af178790aa75","name":"spartak","image":{"@type":"ImageObject","inLanguage":"en-GB","@id":"https:\/\/fcspartaktrnava.com\/#\/schema\/person\/image\/","url":"https:\/\/secure.gravatar.com\/avatar\/f8ff8584f3fcf3909a11a6da9019f37749183b4015bca14e64556c52614cdc7f?s=96&d=mm&r=g","contentUrl":"https:\/\/secure.gravatar.com\/avatar\/f8ff8584f3fcf3909a11a6da9019f37749183b4015bca14e64556c52614cdc7f?s=96&d=mm&r=g","caption":"spartak"},"url":"https:\/\/fcspartaktrnava.com\/en\/author\/spartak\/"}]}},"_links":{"self":[{"href":"https:\/\/fcspartaktrnava.com\/en\/wp-json\/wp\/v2\/posts\/10956","targetHints":{"allow":["GET"]}}],"collection":[{"href":"https:\/\/fcspartaktrnava.com\/en\/wp-json\/wp\/v2\/posts"}],"about":[{"href":"https:\/\/fcspartaktrnava.com\/en\/wp-json\/wp\/v2\/types\/post"}],"author":[{"embeddable":true,"href":"https:\/\/fcspartaktrnava.com\/en\/wp-json\/wp\/v2\/users\/2"}],"replies":[{"embeddable":true,"href":"https:\/\/fcspartaktrnava.com\/en\/wp-json\/wp\/v2\/comments?post=10956"}],"version-history":[{"count":0,"href":"https:\/\/fcspartaktrnava.com\/en\/wp-json\/wp\/v2\/posts\/10956\/revisions"}],"wp:featuredmedia":[{"embeddable":true,"href":"https:\/\/fcspartaktrnava.com\/en\/wp-json\/wp\/v2\/media\/10957"}],"wp:attachment":[{"href":"https:\/\/fcspartaktrnava.com\/en\/wp-json\/wp\/v2\/media?parent=10956"}],"wp:term":[{"taxonomy":"category","embeddable":true,"href":"https:\/\/fcspartaktrnava.com\/en\/wp-json\/wp\/v2\/categories?post=10956"},{"taxonomy":"post_tag","embeddable":true,"href":"https:\/\/fcspartaktrnava.com\/en\/wp-json\/wp\/v2\/tags?post=10956"}],"curies":[{"name":"wp","href":"https:\/\/api.w.org\/{rel}","templated":true}]}}