{"id":10429,"date":"2023-08-27T23:08:00","date_gmt":"2023-08-27T21:08:00","guid":{"rendered":"https:\/\/fcspartaktrnava.com\/?p=10429"},"modified":"2023-08-28T10:58:13","modified_gmt":"2023-08-28T08:58:13","slug":"10429-2","status":"publish","type":"post","link":"https:\/\/fcspartaktrnava.com\/en\/10429-2\/","title":{"rendered":"V Skalici op\u00e4\u0165 len rem\u00edza"},"content":{"rendered":"<div class=\"wp-block-group\"><div class=\"wp-block-group__inner-container is-layout-flow wp-block-group-is-layout-flow\">\n<p class=\"has-text-align-center\" style=\"font-size:16px\">\u0160tadi\u00f3n Skalica, Nik\u00e9 liga, 5. kolo, 27. 8. 2023 o 20:30<\/p>\n\n\n\n<p class=\"has-text-align-center has-large-font-size\">MFK SKALICA<br>FC SPARTAK TRNAVA<\/p>\n\n\n\n<p class=\"has-text-align-center has-x-large-font-size\" style=\"font-style:normal;font-weight:600\">0:0 <\/p>\n<\/div><\/div>\n\n\n\n<div class=\"wp-block-group has-black-color has-text-color has-background\" style=\"background-color:#e2e7ec\"><div class=\"wp-block-group__inner-container is-layout-flow wp-block-group-is-layout-flow\">\n<p>Skalica<\/p>\n\n\n\n<p>Luksch \u2013 Kr\u010d\u00edk, Ranko, Podhorin, Rudzan \u2013 Matejov (58. Kousal), Nagy, Holl\u00fd (81. M\u00e1\u0161ik), Yao \u2013 Vlasko (71. Sobczyk) \u2013 Sm\u00e9kal (81. Dani Alv\u00e9s)<\/p>\n\n\n\n<p>FC Spartak:<\/p>\n\n\n\n<p>Tak\u00e1\u010d \u2013 \u0160ulek, \u0160tetina (46. Ko\u0161trna), Gorosito (46. K\u00f3\u0161a), Kompan Breznik \u2013 Bukata (61. Proch\u00e1zka) \u2013 Bainovi\u010d (71. Ofori), \u0160tef\u00e1nik \u2013 Azango, Ristovski (61. Paur), Oseni<\/p>\n\n\n\n<p>\u017dK: Nagy, Kousal \u2013 Azango, Proch\u00e1zka, Bainovi\u010d<\/p>\n\n\n\n<p>Rozhodovali: Smol\u00e1k \u2013 \u0160tofik, Ko\u0161eck\u00fd<\/p>\n\n\n\n<p>Div\u00e1ci: 3000 (vypredan\u00e9)<\/p>\n\n\n\n<p>Pol\u010das: 0:0<\/p>\n<\/div><\/div>\n\n\n\n<p>V Skalici patrili andelom hne\u010f prv\u00e9 min\u00faty ligov\u00e9ho z\u00e1pasu, po g\u00f3le volala najm\u00e4 \u0161anca \u0160tetinu, ale obranca nedok\u00e1zal presnej\u0161ie mieri\u0165. Viacer\u00e9 opory t\u00edmu ostali od \u00favodu iba na lavi\u010dke, na v\u00fdkone to nebolo pozna\u0165, akt\u00edvny bol najm\u00e4 Azango na pravej strane trnavskej \u00fato\u010dnej form\u00e1cie.<\/p>\n\n\n\n<p>Dom\u00e1ci sa prv\u00fd raz dostali pred Tak\u00e1\u010da po \u0161tvr\u0165hodine hry. Extrnav\u010dan Yao mal po odrazenej strele \u010fal\u0161ieho b\u00fdval\u00e9ho spartakovca Vlaska na kopa\u010dke g\u00f3l, skvel\u00fd brank\u00e1r bol na svojom mieste a vyrazil na rohov\u00fd kop.<\/p>\n\n\n\n<p>V 26. min\u00fate skon\u010dil po kontakte na zemi prenikaj\u00faci Azango, rozhodca Smol\u00e1k v\u0161ak uk\u00e1zal iba na rohov\u00fd kop a neozval sa ani sign\u00e1l z VAR. Po polhodine hry sa skvele okolo br\u00e1niaceho hr\u00e1\u010da oto\u010dil s loptou Ristovski, ale jeho streleck\u00fd pokus dobr\u00fdm z\u00e1krokom zne\u0161kodnil Luksch.<\/p>\n\n\n\n<p>Hoci sme viac dr\u017eali loptu, boli akt\u00edvni v \u00fatoku, presn\u00e9 zakon\u010denie ch\u00fdbalo a tak sa prv\u00fd pol\u010das skon\u010dil bez strelen\u00e9ho g\u00f3lu.<\/p>\n\n\n\n<p>Do druh\u00e9ho dejstva pri\u0161li za Gorosita a \u0160tetinu K\u00f3\u0161a s Ko\u0161trnom. Ihne\u010f po zmene str\u00e1n mal \u0161ancu Bainovi\u010d, ktor\u00e9mu pustil loptu \u0161ikovne Ristovski, minul v\u0161ak br\u00e1nku a bojovalo sa \u010falej bez zmeny sk\u00f3re. Platilo to aj v 52. min\u00fate, ke\u010f Oseni centroval do \u0161estn\u00e1stky na Azanga, ale jeho hlavi\u010dkov\u00e9 zakon\u010denie nemalo o\u010dak\u00e1van\u00fa presnos\u0165 a lopta skon\u010dila mimo. Spartak \u010falej b\u00fa\u0161il do s\u00fapera, Bainovi\u010d a Oseni mierili iba do Lukscha, g\u00f3l bol na spadnutie.<\/p>\n\n\n\n<p>Do hry pri\u0161li po hodine z\u00e1pasu Proch\u00e1zka s Paurom, dohrali Bukata s Ristovskim, obraz hry sa nezmenil. Drviv\u00e1 v\u00e4\u010d\u0161ina stretnutia sa hralo pred \u0161estn\u00e1stkou dom\u00e1ceho t\u00edmu, Trnav\u010dania h\u013eadali sp\u00f4sob ako sk\u00f3rova\u0165. Paura na hrote pri\u0161iel na posledn\u00fdch dvadsa\u0165 min\u00fat posilni\u0165 aj Ofori a tlak sme zvy\u0161ovali.<\/p>\n\n\n\n<p>Po g\u00f3le volala akcia po pravej strane, ke\u010f lopta preletela cel\u00fa \u0161estn\u00e1stku a Paur ju v sklze namieril mimo br\u00e1nky Skalice. Ost\u00e1valo p\u00e4tn\u00e1s\u0165 min\u00fat hry a Spartak zavrel s\u00fapera pred jeho pokutov\u00e9 \u00fazemie, Skali\u010dania miestami nevedeli kam sk\u00f4r sko\u010di\u0165. S\u00e1m pred br\u00e1nkou nevyu\u017eil Azango center Oforiho, vysok\u00fa loptu \u017eia\u013e minul. V samom z\u00e1vere sme mohli inkasova\u0165, Sobczyk na\u0161\u0165astie nepremenil svoj \u00fanik, lebo Tak\u00e1\u010d v br\u00e1nke \u010daroval.<\/p>\n\n\n\n<p>Spartaku ch\u00fdbala vy\u0161\u0161ia efektivita, \u0161ance ostali nevyu\u017eit\u00e9 a bod zo Skalice po rem\u00edze 0:0 je vzh\u013eadom na priebeh z\u00e1pasu m\u00e1lo.<\/p>\n\n\n\n<p class=\"has-vivid-red-color has-text-color has-medium-font-size\"><strong>POVEDALI PO Z\u00c1PASE:<\/strong><\/p>\n\n\n\n<p>Pavol Majern\u00edk (Skalica): <strong><em>\u201ePod vplyvom zl\u00fdch v\u00fdsledkov sme p\u00f4sobili nerv\u00f3zne, Trnava bola futbalovej\u0161ia, to mus\u00edme prizna\u0165. Mali sme iba n\u00e1znaky \u0161anc\u00ed, okrem tej v z\u00e1vere. Podriadili sme v\u0161etko tomu, aby sme bodovali, a to sa n\u00e1m podarilo. S bodom som spokojn\u00fd, s hrou menej, chalani tam dnes nechali v\u0161etko, to je pozit\u00edvum do \u010fal\u0161\u00edch z\u00e1pasov.\u201c<\/em><\/strong><\/p>\n\n\n\n<p>Michal Ga\u0161par\u00edk (Spartak): <strong><em>\u201eMy aj napriek tomu, \u017ee sme preto\u010dili zostavu, chceli sme tu vyhra\u0165. Mali sme dobr\u00fd vstup do z\u00e1pasu potom celoz\u00e1pasov\u00e9 dob\u00fdjanie do g\u00f3lu neviedlo, Skalicu sme nedobyli, bolo tam pr\u00edli\u0161 ve\u013ea hr\u00e1\u010dov, niekedy by mo\u017eno bolo lep\u0161ie jednoduch\u0161ie rie\u0161enie, moji hr\u00e1\u010di si to pr\u00edli\u0161 prihr\u00e1vali. Miestami som mal pocit, \u017ee ten g\u00f3l nem\u00e1 kto da\u0165. Nemali sme hr\u00e1\u010da, ktor\u00e9ho by lopta v \u0161estn\u00e1stke na\u0161la. Napokon sme po chybe K\u00f3\u0161u mohli aj inkasova\u0165. Som r\u00e1d, \u017ee sa nikto nezranil a sme pripraven\u00ed na odvetu proti Dnipru.\u201c<\/em><\/strong><\/p>","protected":false},"excerpt":{"rendered":"<p>\u0160tadi\u00f3n Skalica, Nik\u00e9 liga, 5. kolo, 27. 8&#8230;.<\/p>","protected":false},"author":2,"featured_media":10430,"comment_status":"closed","ping_status":"closed","sticky":false,"template":"","format":"standard","meta":{"footnotes":""},"categories":[20],"tags":[11],"class_list":["post-10429","post","type-post","status-publish","format-standard","has-post-thumbnail","hentry","category-zapas","tag-michal-gasparik","post-number-1"],"yoast_head":"<!-- This site is optimized with the Yoast SEO plugin v27.1.1 - https:\/\/yoast.com\/product\/yoast-seo-wordpress\/ -->\n<title>V Skalici op\u00e4\u0165 len rem\u00edza - FC Spartak Trnava<\/title>\n<meta name=\"robots\" content=\"index, follow, max-snippet:-1, max-image-preview:large, max-video-preview:-1\" \/>\n<link rel=\"canonical\" href=\"https:\/\/fcspartaktrnava.com\/en\/10429-2\/\" \/>\n<meta name=\"twitter:label1\" content=\"Written by\" \/>\n\t<meta name=\"twitter:data1\" content=\"spartak\" \/>\n\t<meta name=\"twitter:label2\" content=\"Estimated reading time\" \/>\n\t<meta name=\"twitter:data2\" content=\"4 minutes\" \/>\n<script type=\"application\/ld+json\" class=\"yoast-schema-graph\">{\"@context\":\"https:\/\/schema.org\",\"@graph\":[{\"@type\":\"Article\",\"@id\":\"https:\/\/fcspartaktrnava.com\/10429-2\/#article\",\"isPartOf\":{\"@id\":\"https:\/\/fcspartaktrnava.com\/10429-2\/\"},\"author\":{\"name\":\"spartak\",\"@id\":\"https:\/\/fcspartaktrnava.com\/#\/schema\/person\/24bc5b254af14f71d7d8af178790aa75\"},\"headline\":\"V Skalici op\u00e4\u0165 len rem\u00edza\",\"datePublished\":\"2023-08-27T21:08:00+00:00\",\"dateModified\":\"2023-08-28T08:58:13+00:00\",\"mainEntityOfPage\":{\"@id\":\"https:\/\/fcspartaktrnava.com\/10429-2\/\"},\"wordCount\":712,\"publisher\":{\"@id\":\"https:\/\/fcspartaktrnava.com\/#organization\"},\"image\":{\"@id\":\"https:\/\/fcspartaktrnava.com\/10429-2\/#primaryimage\"},\"thumbnailUrl\":\"https:\/\/fcspartaktrnava.com\/wp-content\/uploads\/2023\/08\/skalica-sulek-scaled.jpg\",\"keywords\":[\"Michal Ga\u0161par\u00edk\"],\"articleSection\":[\"Z\u00e1pas\"],\"inLanguage\":\"en-GB\"},{\"@type\":\"WebPage\",\"@id\":\"https:\/\/fcspartaktrnava.com\/10429-2\/\",\"url\":\"https:\/\/fcspartaktrnava.com\/10429-2\/\",\"name\":\"V Skalici op\u00e4\u0165 len rem\u00edza - FC Spartak Trnava\",\"isPartOf\":{\"@id\":\"https:\/\/fcspartaktrnava.com\/#website\"},\"primaryImageOfPage\":{\"@id\":\"https:\/\/fcspartaktrnava.com\/10429-2\/#primaryimage\"},\"image\":{\"@id\":\"https:\/\/fcspartaktrnava.com\/10429-2\/#primaryimage\"},\"thumbnailUrl\":\"https:\/\/fcspartaktrnava.com\/wp-content\/uploads\/2023\/08\/skalica-sulek-scaled.jpg\",\"datePublished\":\"2023-08-27T21:08:00+00:00\",\"dateModified\":\"2023-08-28T08:58:13+00:00\",\"breadcrumb\":{\"@id\":\"https:\/\/fcspartaktrnava.com\/10429-2\/#breadcrumb\"},\"inLanguage\":\"en-GB\",\"potentialAction\":[{\"@type\":\"ReadAction\",\"target\":[\"https:\/\/fcspartaktrnava.com\/10429-2\/\"]}]},{\"@type\":\"ImageObject\",\"inLanguage\":\"en-GB\",\"@id\":\"https:\/\/fcspartaktrnava.com\/10429-2\/#primaryimage\",\"url\":\"https:\/\/fcspartaktrnava.com\/wp-content\/uploads\/2023\/08\/skalica-sulek-scaled.jpg\",\"contentUrl\":\"https:\/\/fcspartaktrnava.com\/wp-content\/uploads\/2023\/08\/skalica-sulek-scaled.jpg\",\"width\":2560,\"height\":1703},{\"@type\":\"BreadcrumbList\",\"@id\":\"https:\/\/fcspartaktrnava.com\/10429-2\/#breadcrumb\",\"itemListElement\":[{\"@type\":\"ListItem\",\"position\":1,\"name\":\"Home\",\"item\":\"https:\/\/fcspartaktrnava.com\/\"},{\"@type\":\"ListItem\",\"position\":2,\"name\":\"V Skalici op\u00e4\u0165 len rem\u00edza\"}]},{\"@type\":\"WebSite\",\"@id\":\"https:\/\/fcspartaktrnava.com\/#website\",\"url\":\"https:\/\/fcspartaktrnava.com\/\",\"name\":\"FC Spartak Trnava\",\"description\":\"ofici\u00e1lna webstr\u00e1nka futbalov\u00e9ho klubu\",\"publisher\":{\"@id\":\"https:\/\/fcspartaktrnava.com\/#organization\"},\"potentialAction\":[{\"@type\":\"SearchAction\",\"target\":{\"@type\":\"EntryPoint\",\"urlTemplate\":\"https:\/\/fcspartaktrnava.com\/?s={search_term_string}\"},\"query-input\":{\"@type\":\"PropertyValueSpecification\",\"valueRequired\":true,\"valueName\":\"search_term_string\"}}],\"inLanguage\":\"en-GB\"},{\"@type\":\"Organization\",\"@id\":\"https:\/\/fcspartaktrnava.com\/#organization\",\"name\":\"FC Spartak Trnava\",\"alternateName\":\"Spartak\",\"url\":\"https:\/\/fcspartaktrnava.com\/\",\"logo\":{\"@type\":\"ImageObject\",\"inLanguage\":\"en-GB\",\"@id\":\"https:\/\/fcspartaktrnava.com\/#\/schema\/logo\/image\/\",\"url\":\"https:\/\/fcspartaktrnava.com\/wp-content\/uploads\/2022\/08\/cropped-site_logo.png\",\"contentUrl\":\"https:\/\/fcspartaktrnava.com\/wp-content\/uploads\/2022\/08\/cropped-site_logo.png\",\"width\":140,\"height\":140,\"caption\":\"FC Spartak Trnava\"},\"image\":{\"@id\":\"https:\/\/fcspartaktrnava.com\/#\/schema\/logo\/image\/\"},\"sameAs\":[\"https:\/\/www.facebook.com\/SpartakTrnava\",\"https:\/\/x.com\/SpartakTrnava1\",\"https:\/\/www.instagram.com\/spartak_sk\/\"]},{\"@type\":\"Person\",\"@id\":\"https:\/\/fcspartaktrnava.com\/#\/schema\/person\/24bc5b254af14f71d7d8af178790aa75\",\"name\":\"spartak\",\"image\":{\"@type\":\"ImageObject\",\"inLanguage\":\"en-GB\",\"@id\":\"https:\/\/fcspartaktrnava.com\/#\/schema\/person\/image\/\",\"url\":\"https:\/\/secure.gravatar.com\/avatar\/f8ff8584f3fcf3909a11a6da9019f37749183b4015bca14e64556c52614cdc7f?s=96&d=mm&r=g\",\"contentUrl\":\"https:\/\/secure.gravatar.com\/avatar\/f8ff8584f3fcf3909a11a6da9019f37749183b4015bca14e64556c52614cdc7f?s=96&d=mm&r=g\",\"caption\":\"spartak\"},\"url\":\"https:\/\/fcspartaktrnava.com\/en\/author\/spartak\/\"}]}<\/script>\n<!-- \/ Yoast SEO plugin. -->","yoast_head_json":{"title":"V Skalici op\u00e4\u0165 len rem\u00edza - FC Spartak Trnava","robots":{"index":"index","follow":"follow","max-snippet":"max-snippet:-1","max-image-preview":"max-image-preview:large","max-video-preview":"max-video-preview:-1"},"canonical":"https:\/\/fcspartaktrnava.com\/en\/10429-2\/","twitter_misc":{"Written by":"spartak","Estimated reading time":"4 minutes"},"schema":{"@context":"https:\/\/schema.org","@graph":[{"@type":"Article","@id":"https:\/\/fcspartaktrnava.com\/10429-2\/#article","isPartOf":{"@id":"https:\/\/fcspartaktrnava.com\/10429-2\/"},"author":{"name":"spartak","@id":"https:\/\/fcspartaktrnava.com\/#\/schema\/person\/24bc5b254af14f71d7d8af178790aa75"},"headline":"V Skalici op\u00e4\u0165 len rem\u00edza","datePublished":"2023-08-27T21:08:00+00:00","dateModified":"2023-08-28T08:58:13+00:00","mainEntityOfPage":{"@id":"https:\/\/fcspartaktrnava.com\/10429-2\/"},"wordCount":712,"publisher":{"@id":"https:\/\/fcspartaktrnava.com\/#organization"},"image":{"@id":"https:\/\/fcspartaktrnava.com\/10429-2\/#primaryimage"},"thumbnailUrl":"https:\/\/fcspartaktrnava.com\/wp-content\/uploads\/2023\/08\/skalica-sulek-scaled.jpg","keywords":["Michal Ga\u0161par\u00edk"],"articleSection":["Z\u00e1pas"],"inLanguage":"en-GB"},{"@type":"WebPage","@id":"https:\/\/fcspartaktrnava.com\/10429-2\/","url":"https:\/\/fcspartaktrnava.com\/10429-2\/","name":"V Skalici op\u00e4\u0165 len rem\u00edza - FC Spartak Trnava","isPartOf":{"@id":"https:\/\/fcspartaktrnava.com\/#website"},"primaryImageOfPage":{"@id":"https:\/\/fcspartaktrnava.com\/10429-2\/#primaryimage"},"image":{"@id":"https:\/\/fcspartaktrnava.com\/10429-2\/#primaryimage"},"thumbnailUrl":"https:\/\/fcspartaktrnava.com\/wp-content\/uploads\/2023\/08\/skalica-sulek-scaled.jpg","datePublished":"2023-08-27T21:08:00+00:00","dateModified":"2023-08-28T08:58:13+00:00","breadcrumb":{"@id":"https:\/\/fcspartaktrnava.com\/10429-2\/#breadcrumb"},"inLanguage":"en-GB","potentialAction":[{"@type":"ReadAction","target":["https:\/\/fcspartaktrnava.com\/10429-2\/"]}]},{"@type":"ImageObject","inLanguage":"en-GB","@id":"https:\/\/fcspartaktrnava.com\/10429-2\/#primaryimage","url":"https:\/\/fcspartaktrnava.com\/wp-content\/uploads\/2023\/08\/skalica-sulek-scaled.jpg","contentUrl":"https:\/\/fcspartaktrnava.com\/wp-content\/uploads\/2023\/08\/skalica-sulek-scaled.jpg","width":2560,"height":1703},{"@type":"BreadcrumbList","@id":"https:\/\/fcspartaktrnava.com\/10429-2\/#breadcrumb","itemListElement":[{"@type":"ListItem","position":1,"name":"Home","item":"https:\/\/fcspartaktrnava.com\/"},{"@type":"ListItem","position":2,"name":"V Skalici op\u00e4\u0165 len rem\u00edza"}]},{"@type":"WebSite","@id":"https:\/\/fcspartaktrnava.com\/#website","url":"https:\/\/fcspartaktrnava.com\/","name":"FC Spartak Trnava","description":"ofici\u00e1lna webstr\u00e1nka futbalov\u00e9ho klubu","publisher":{"@id":"https:\/\/fcspartaktrnava.com\/#organization"},"potentialAction":[{"@type":"SearchAction","target":{"@type":"EntryPoint","urlTemplate":"https:\/\/fcspartaktrnava.com\/?s={search_term_string}"},"query-input":{"@type":"PropertyValueSpecification","valueRequired":true,"valueName":"search_term_string"}}],"inLanguage":"en-GB"},{"@type":"Organization","@id":"https:\/\/fcspartaktrnava.com\/#organization","name":"FC Spartak Trnava","alternateName":"Spartak","url":"https:\/\/fcspartaktrnava.com\/","logo":{"@type":"ImageObject","inLanguage":"en-GB","@id":"https:\/\/fcspartaktrnava.com\/#\/schema\/logo\/image\/","url":"https:\/\/fcspartaktrnava.com\/wp-content\/uploads\/2022\/08\/cropped-site_logo.png","contentUrl":"https:\/\/fcspartaktrnava.com\/wp-content\/uploads\/2022\/08\/cropped-site_logo.png","width":140,"height":140,"caption":"FC Spartak Trnava"},"image":{"@id":"https:\/\/fcspartaktrnava.com\/#\/schema\/logo\/image\/"},"sameAs":["https:\/\/www.facebook.com\/SpartakTrnava","https:\/\/x.com\/SpartakTrnava1","https:\/\/www.instagram.com\/spartak_sk\/"]},{"@type":"Person","@id":"https:\/\/fcspartaktrnava.com\/#\/schema\/person\/24bc5b254af14f71d7d8af178790aa75","name":"spartak","image":{"@type":"ImageObject","inLanguage":"en-GB","@id":"https:\/\/fcspartaktrnava.com\/#\/schema\/person\/image\/","url":"https:\/\/secure.gravatar.com\/avatar\/f8ff8584f3fcf3909a11a6da9019f37749183b4015bca14e64556c52614cdc7f?s=96&d=mm&r=g","contentUrl":"https:\/\/secure.gravatar.com\/avatar\/f8ff8584f3fcf3909a11a6da9019f37749183b4015bca14e64556c52614cdc7f?s=96&d=mm&r=g","caption":"spartak"},"url":"https:\/\/fcspartaktrnava.com\/en\/author\/spartak\/"}]}},"_links":{"self":[{"href":"https:\/\/fcspartaktrnava.com\/en\/wp-json\/wp\/v2\/posts\/10429","targetHints":{"allow":["GET"]}}],"collection":[{"href":"https:\/\/fcspartaktrnava.com\/en\/wp-json\/wp\/v2\/posts"}],"about":[{"href":"https:\/\/fcspartaktrnava.com\/en\/wp-json\/wp\/v2\/types\/post"}],"author":[{"embeddable":true,"href":"https:\/\/fcspartaktrnava.com\/en\/wp-json\/wp\/v2\/users\/2"}],"replies":[{"embeddable":true,"href":"https:\/\/fcspartaktrnava.com\/en\/wp-json\/wp\/v2\/comments?post=10429"}],"version-history":[{"count":0,"href":"https:\/\/fcspartaktrnava.com\/en\/wp-json\/wp\/v2\/posts\/10429\/revisions"}],"wp:featuredmedia":[{"embeddable":true,"href":"https:\/\/fcspartaktrnava.com\/en\/wp-json\/wp\/v2\/media\/10430"}],"wp:attachment":[{"href":"https:\/\/fcspartaktrnava.com\/en\/wp-json\/wp\/v2\/media?parent=10429"}],"wp:term":[{"taxonomy":"category","embeddable":true,"href":"https:\/\/fcspartaktrnava.com\/en\/wp-json\/wp\/v2\/categories?post=10429"},{"taxonomy":"post_tag","embeddable":true,"href":"https:\/\/fcspartaktrnava.com\/en\/wp-json\/wp\/v2\/tags?post=10429"}],"curies":[{"name":"wp","href":"https:\/\/api.w.org\/{rel}","templated":true}]}}