{"id":10424,"date":"2023-08-26T10:34:37","date_gmt":"2023-08-26T08:34:37","guid":{"rendered":"https:\/\/fcspartaktrnava.com\/?p=10424"},"modified":"2023-08-26T10:34:37","modified_gmt":"2023-08-26T08:34:37","slug":"presne-po-roku-repriza-zapasu-v-skalici","status":"publish","type":"post","link":"https:\/\/fcspartaktrnava.com\/en\/presne-po-roku-repriza-zapasu-v-skalici\/","title":{"rendered":"Presne po roku repr\u00edza z\u00e1pasu v Skalici"},"content":{"rendered":"<p>Trocha v&nbsp;tieni poh\u00e1rov\u00e9ho vyst\u00fapenia proti Dnipru je ligov\u00e9 stretnutie, v&nbsp;ktorom v&nbsp;nede\u013eu Spartak vycestuje na Z\u00e1horie do Skalice, kde sa od 20:30 stretne s&nbsp;miestnym MFK.<\/p>\n\n\n\n<p>Skali\u010dania post\u00fapili op\u00e4tovne do najvy\u0161\u0161ej s\u00fa\u0165a\u017ee minul\u00fd rok a&nbsp;v&nbsp;nov\u00e1\u010dikovskej sez\u00f3ne sa im podarilo vybojova\u0165 sol\u00eddne 8. miesto. Druh\u00fd ro\u010dn\u00edk b\u00fdva v\u017edy ten n\u00e1ro\u010dnej\u0161\u00ed a&nbsp;uk\u00e1\u017ee sa, \u017ee skuto\u010dn\u00e1 sila mu\u017estva.<\/p>\n\n\n\n<p>Na skalickej lavi\u010dke za\u010dal vlani Juraj Jar\u00e1bek, ktor\u00fd skon\u010dil po jarnej \u010dasti s&nbsp;mu\u017estvom na 11. prie\u010dke a&nbsp;vystriedal ho Pavol Majern\u00edk.<\/p>\n\n\n\n<p>Vo vz\u00e1jomn\u00fdch z\u00e1pasoch sa vlani podarilo Skali\u010danom ukoristi\u0165 historick\u00fd prv\u00fd bod proti Spartaku, ke\u010f na de\u0148 presne pred rokom na Z\u00e1hor\u00ed skon\u010dil z\u00e1pas 1:1. A&nbsp;to e\u0161te spartakovci v\u010faka vlastn\u00e9mu g\u00f3lu vyrovnali a\u017e v&nbsp;samom z\u00e1vere. V&nbsp;trnavskej odvete tie\u017e viedla Skalica a&nbsp;a\u017e po obr\u00e1tke vyrovnal Oseni a&nbsp;peknou strelou po individu\u00e1lnej akcii v&nbsp;90. min\u00fate rozhodol o&nbsp;troch bodoch Erik Daniel.<\/p>\n\n\n\n<p><strong><em>\u201eMinul\u00fa sez\u00f3nu sme odohrali vyrovnan\u00e9 z\u00e1pasy. U&nbsp;n\u00e1s sa remizovalo a&nbsp;v&nbsp;Trnave bolo tie\u017e skoro a\u017e do konca 1:1 a&nbsp;dali n\u00e1m rozhoduj\u00faci g\u00f3l a\u017e v&nbsp;nadstavenom \u010dase. Tak\u00fdto podobn\u00fd z\u00e1pas o\u010dak\u00e1vam aj teraz,\u201c<\/em><\/strong> hovor\u00ed stredopoliar Skalice J\u00e1n Vlasko, ktor\u00fd po odchode zo Spartaka za\u010d\u00edna v&nbsp;Skalici druh\u00fa sez\u00f3nu. V&nbsp;tej s\u00fa\u010dasnej nasko\u010dil do posledn\u00fdch troch z\u00e1pasov, ktor\u00e9 Skalica prehrala zhodne tesne 1:2. Doma je v\u0161ak siln\u00e1. V&nbsp;prvom kole zdolala ViOn a&nbsp;v&nbsp;3. kole hr\u00fdzla Slovan, ke\u010f mala bl\u00edzko k&nbsp;vyrovnaniu. Napokon, aj posledn\u00e9 semifin\u00e1le Slovnaft cupu uk\u00e1zalo, \u017ee Skalica nemala do fin\u00e1le a\u017e tak \u010faleko.<\/p>\n\n\n\n<p><strong><em>\u201eBude to n\u00e1ro\u010dn\u00e9, lebo v&nbsp;stredu sme mali \u0165a\u017ek\u00fd a&nbsp;d\u00f4le\u017eit\u00fd z\u00e1pas. Teraz mus\u00edme prepn\u00fa\u0165 na ligu, \u010do nebude jednoduch\u00e9. Ver\u00edm v\u0161ak, \u017ee to zvl\u00e1dneme,\u201c<\/em><\/strong> uvedomuje si n\u00e1ro\u010dnos\u0165 z\u00e1pasu brank\u00e1r Spartaka Dobrivoj Rusov. Ten sa u\u017e rozchyt\u00e1va po dlh\u0161ej rekonvalescencii v&nbsp;druholigov\u00fdch Mal\u017eeniciach.<\/p>\n\n\n\n<p>Jeho spoluhr\u00e1\u010di maj\u00fa v&nbsp;noh\u00e1ch \u0165a\u017ek\u00fd z\u00e1pas v&nbsp;play off Konferen\u010dnej ligy proti ukrajinsk\u00e9mu Dnipru. Skalica v\u0161ak tie\u017e hrala s\u00fa\u0165a\u017en\u00fd z\u00e1pas. Potr\u00e1pila sa v&nbsp;Slovnaft cupe na ihrisku \u0161tvrtoligov\u00fdch Trst\u00edc, kde po rem\u00edze 1:1 post\u00fapila a\u017e po penaltovom rozstrele.<\/p>\n\n\n\n<p>Mimochodom, g\u00f3l Skalice strelil rak\u00fasky \u00fato\u010dn\u00edk Alex Sobczyk, ktor\u00fd pred \u0161tyrmi rokmi p\u00f4sobil v&nbsp;Spartaku. Okrem spom\u00ednanej dvojice m\u00e1 spartakovsk\u00fa minulos\u0165 aj Yann Yao z&nbsp;Pobre\u017eia Slonoviny.<\/p>\n\n\n\n<p>Minul\u00fd t\u00fd\u017ede\u0148 po \u0165a\u017ekom poh\u00e1rovom z\u00e1pase Michal Ga\u0161par\u00edk prerotoval zostavu a&nbsp;poslal do hry odpo\u010dinut\u00fdch hr\u00e1\u010dov, \u010do sa mu vyplatilo. Uvid\u00edme, \u010di podobn\u00fd scen\u00e1r uplatn\u00ed aj teraz a&nbsp;k\u013e\u00fa\u010dov\u00ed hr\u00e1\u010di dostan\u00fa \u010das na v\u00e4\u010d\u0161\u00ed odpo\u010dinok, pre \u0161tvrtkovou odvetou. &nbsp;<\/p>\n\n\n\n<p>Z\u00e1pas MFK Skalica \u2013 FC Spartak Trnava m\u00e1 v&nbsp;nede\u013eu v\u00fdkop o&nbsp;20:30 a&nbsp;v&nbsp;priamom prenose ho odvysiela stanica Dajto TV a&nbsp;streamovacia platforma VOYO.<\/p>","protected":false},"excerpt":{"rendered":"<p>Trocha v&nbsp;tieni poh\u00e1rov\u00e9ho vyst\u00fapenia proti Dnipru je ligov\u00e9&#8230;<\/p>","protected":false},"author":2,"featured_media":10425,"comment_status":"closed","ping_status":"closed","sticky":false,"template":"","format":"standard","meta":{"footnotes":""},"categories":[12],"tags":[],"class_list":["post-10424","post","type-post","status-publish","format-standard","has-post-thumbnail","hentry","category-spravy","post-number-1"],"yoast_head":"<!-- This site is optimized with the Yoast SEO plugin v27.1.1 - https:\/\/yoast.com\/product\/yoast-seo-wordpress\/ -->\n<title>Presne po roku repr\u00edza z\u00e1pasu v Skalici - FC Spartak Trnava<\/title>\n<meta name=\"robots\" content=\"index, follow, max-snippet:-1, max-image-preview:large, max-video-preview:-1\" \/>\n<link rel=\"canonical\" href=\"https:\/\/fcspartaktrnava.com\/en\/presne-po-roku-repriza-zapasu-v-skalici\/\" \/>\n<meta name=\"twitter:label1\" content=\"Written by\" \/>\n\t<meta name=\"twitter:data1\" content=\"spartak\" \/>\n\t<meta name=\"twitter:label2\" content=\"Estimated reading time\" \/>\n\t<meta name=\"twitter:data2\" content=\"3 minutes\" \/>\n<script type=\"application\/ld+json\" class=\"yoast-schema-graph\">{\"@context\":\"https:\/\/schema.org\",\"@graph\":[{\"@type\":\"Article\",\"@id\":\"https:\/\/fcspartaktrnava.com\/presne-po-roku-repriza-zapasu-v-skalici\/#article\",\"isPartOf\":{\"@id\":\"https:\/\/fcspartaktrnava.com\/presne-po-roku-repriza-zapasu-v-skalici\/\"},\"author\":{\"name\":\"spartak\",\"@id\":\"https:\/\/fcspartaktrnava.com\/#\/schema\/person\/24bc5b254af14f71d7d8af178790aa75\"},\"headline\":\"Presne po roku repr\u00edza z\u00e1pasu v Skalici\",\"datePublished\":\"2023-08-26T08:34:37+00:00\",\"mainEntityOfPage\":{\"@id\":\"https:\/\/fcspartaktrnava.com\/presne-po-roku-repriza-zapasu-v-skalici\/\"},\"wordCount\":583,\"publisher\":{\"@id\":\"https:\/\/fcspartaktrnava.com\/#organization\"},\"image\":{\"@id\":\"https:\/\/fcspartaktrnava.com\/presne-po-roku-repriza-zapasu-v-skalici\/#primaryimage\"},\"thumbnailUrl\":\"https:\/\/fcspartaktrnava.com\/wp-content\/uploads\/2023\/08\/skalica_1000x.webp\",\"articleSection\":[\"Spr\u00e1vy\"],\"inLanguage\":\"en-GB\"},{\"@type\":\"WebPage\",\"@id\":\"https:\/\/fcspartaktrnava.com\/presne-po-roku-repriza-zapasu-v-skalici\/\",\"url\":\"https:\/\/fcspartaktrnava.com\/presne-po-roku-repriza-zapasu-v-skalici\/\",\"name\":\"Presne po roku repr\u00edza z\u00e1pasu v Skalici - FC Spartak Trnava\",\"isPartOf\":{\"@id\":\"https:\/\/fcspartaktrnava.com\/#website\"},\"primaryImageOfPage\":{\"@id\":\"https:\/\/fcspartaktrnava.com\/presne-po-roku-repriza-zapasu-v-skalici\/#primaryimage\"},\"image\":{\"@id\":\"https:\/\/fcspartaktrnava.com\/presne-po-roku-repriza-zapasu-v-skalici\/#primaryimage\"},\"thumbnailUrl\":\"https:\/\/fcspartaktrnava.com\/wp-content\/uploads\/2023\/08\/skalica_1000x.webp\",\"datePublished\":\"2023-08-26T08:34:37+00:00\",\"breadcrumb\":{\"@id\":\"https:\/\/fcspartaktrnava.com\/presne-po-roku-repriza-zapasu-v-skalici\/#breadcrumb\"},\"inLanguage\":\"en-GB\",\"potentialAction\":[{\"@type\":\"ReadAction\",\"target\":[\"https:\/\/fcspartaktrnava.com\/presne-po-roku-repriza-zapasu-v-skalici\/\"]}]},{\"@type\":\"ImageObject\",\"inLanguage\":\"en-GB\",\"@id\":\"https:\/\/fcspartaktrnava.com\/presne-po-roku-repriza-zapasu-v-skalici\/#primaryimage\",\"url\":\"https:\/\/fcspartaktrnava.com\/wp-content\/uploads\/2023\/08\/skalica_1000x.webp\",\"contentUrl\":\"https:\/\/fcspartaktrnava.com\/wp-content\/uploads\/2023\/08\/skalica_1000x.webp\",\"width\":1000,\"height\":666},{\"@type\":\"BreadcrumbList\",\"@id\":\"https:\/\/fcspartaktrnava.com\/presne-po-roku-repriza-zapasu-v-skalici\/#breadcrumb\",\"itemListElement\":[{\"@type\":\"ListItem\",\"position\":1,\"name\":\"Home\",\"item\":\"https:\/\/fcspartaktrnava.com\/\"},{\"@type\":\"ListItem\",\"position\":2,\"name\":\"Presne po roku repr\u00edza z\u00e1pasu v Skalici\"}]},{\"@type\":\"WebSite\",\"@id\":\"https:\/\/fcspartaktrnava.com\/#website\",\"url\":\"https:\/\/fcspartaktrnava.com\/\",\"name\":\"FC Spartak Trnava\",\"description\":\"ofici\u00e1lna webstr\u00e1nka futbalov\u00e9ho klubu\",\"publisher\":{\"@id\":\"https:\/\/fcspartaktrnava.com\/#organization\"},\"potentialAction\":[{\"@type\":\"SearchAction\",\"target\":{\"@type\":\"EntryPoint\",\"urlTemplate\":\"https:\/\/fcspartaktrnava.com\/?s={search_term_string}\"},\"query-input\":{\"@type\":\"PropertyValueSpecification\",\"valueRequired\":true,\"valueName\":\"search_term_string\"}}],\"inLanguage\":\"en-GB\"},{\"@type\":\"Organization\",\"@id\":\"https:\/\/fcspartaktrnava.com\/#organization\",\"name\":\"FC Spartak Trnava\",\"alternateName\":\"Spartak\",\"url\":\"https:\/\/fcspartaktrnava.com\/\",\"logo\":{\"@type\":\"ImageObject\",\"inLanguage\":\"en-GB\",\"@id\":\"https:\/\/fcspartaktrnava.com\/#\/schema\/logo\/image\/\",\"url\":\"https:\/\/fcspartaktrnava.com\/wp-content\/uploads\/2022\/08\/cropped-site_logo.png\",\"contentUrl\":\"https:\/\/fcspartaktrnava.com\/wp-content\/uploads\/2022\/08\/cropped-site_logo.png\",\"width\":140,\"height\":140,\"caption\":\"FC Spartak Trnava\"},\"image\":{\"@id\":\"https:\/\/fcspartaktrnava.com\/#\/schema\/logo\/image\/\"},\"sameAs\":[\"https:\/\/www.facebook.com\/SpartakTrnava\",\"https:\/\/x.com\/SpartakTrnava1\",\"https:\/\/www.instagram.com\/spartak_sk\/\"]},{\"@type\":\"Person\",\"@id\":\"https:\/\/fcspartaktrnava.com\/#\/schema\/person\/24bc5b254af14f71d7d8af178790aa75\",\"name\":\"spartak\",\"image\":{\"@type\":\"ImageObject\",\"inLanguage\":\"en-GB\",\"@id\":\"https:\/\/fcspartaktrnava.com\/#\/schema\/person\/image\/\",\"url\":\"https:\/\/secure.gravatar.com\/avatar\/f8ff8584f3fcf3909a11a6da9019f37749183b4015bca14e64556c52614cdc7f?s=96&d=mm&r=g\",\"contentUrl\":\"https:\/\/secure.gravatar.com\/avatar\/f8ff8584f3fcf3909a11a6da9019f37749183b4015bca14e64556c52614cdc7f?s=96&d=mm&r=g\",\"caption\":\"spartak\"},\"url\":\"https:\/\/fcspartaktrnava.com\/en\/author\/spartak\/\"}]}<\/script>\n<!-- \/ Yoast SEO plugin. -->","yoast_head_json":{"title":"Presne po roku repr\u00edza z\u00e1pasu v Skalici - FC Spartak Trnava","robots":{"index":"index","follow":"follow","max-snippet":"max-snippet:-1","max-image-preview":"max-image-preview:large","max-video-preview":"max-video-preview:-1"},"canonical":"https:\/\/fcspartaktrnava.com\/en\/presne-po-roku-repriza-zapasu-v-skalici\/","twitter_misc":{"Written by":"spartak","Estimated reading time":"3 minutes"},"schema":{"@context":"https:\/\/schema.org","@graph":[{"@type":"Article","@id":"https:\/\/fcspartaktrnava.com\/presne-po-roku-repriza-zapasu-v-skalici\/#article","isPartOf":{"@id":"https:\/\/fcspartaktrnava.com\/presne-po-roku-repriza-zapasu-v-skalici\/"},"author":{"name":"spartak","@id":"https:\/\/fcspartaktrnava.com\/#\/schema\/person\/24bc5b254af14f71d7d8af178790aa75"},"headline":"Presne po roku repr\u00edza z\u00e1pasu v Skalici","datePublished":"2023-08-26T08:34:37+00:00","mainEntityOfPage":{"@id":"https:\/\/fcspartaktrnava.com\/presne-po-roku-repriza-zapasu-v-skalici\/"},"wordCount":583,"publisher":{"@id":"https:\/\/fcspartaktrnava.com\/#organization"},"image":{"@id":"https:\/\/fcspartaktrnava.com\/presne-po-roku-repriza-zapasu-v-skalici\/#primaryimage"},"thumbnailUrl":"https:\/\/fcspartaktrnava.com\/wp-content\/uploads\/2023\/08\/skalica_1000x.webp","articleSection":["Spr\u00e1vy"],"inLanguage":"en-GB"},{"@type":"WebPage","@id":"https:\/\/fcspartaktrnava.com\/presne-po-roku-repriza-zapasu-v-skalici\/","url":"https:\/\/fcspartaktrnava.com\/presne-po-roku-repriza-zapasu-v-skalici\/","name":"Presne po roku repr\u00edza z\u00e1pasu v Skalici - FC Spartak Trnava","isPartOf":{"@id":"https:\/\/fcspartaktrnava.com\/#website"},"primaryImageOfPage":{"@id":"https:\/\/fcspartaktrnava.com\/presne-po-roku-repriza-zapasu-v-skalici\/#primaryimage"},"image":{"@id":"https:\/\/fcspartaktrnava.com\/presne-po-roku-repriza-zapasu-v-skalici\/#primaryimage"},"thumbnailUrl":"https:\/\/fcspartaktrnava.com\/wp-content\/uploads\/2023\/08\/skalica_1000x.webp","datePublished":"2023-08-26T08:34:37+00:00","breadcrumb":{"@id":"https:\/\/fcspartaktrnava.com\/presne-po-roku-repriza-zapasu-v-skalici\/#breadcrumb"},"inLanguage":"en-GB","potentialAction":[{"@type":"ReadAction","target":["https:\/\/fcspartaktrnava.com\/presne-po-roku-repriza-zapasu-v-skalici\/"]}]},{"@type":"ImageObject","inLanguage":"en-GB","@id":"https:\/\/fcspartaktrnava.com\/presne-po-roku-repriza-zapasu-v-skalici\/#primaryimage","url":"https:\/\/fcspartaktrnava.com\/wp-content\/uploads\/2023\/08\/skalica_1000x.webp","contentUrl":"https:\/\/fcspartaktrnava.com\/wp-content\/uploads\/2023\/08\/skalica_1000x.webp","width":1000,"height":666},{"@type":"BreadcrumbList","@id":"https:\/\/fcspartaktrnava.com\/presne-po-roku-repriza-zapasu-v-skalici\/#breadcrumb","itemListElement":[{"@type":"ListItem","position":1,"name":"Home","item":"https:\/\/fcspartaktrnava.com\/"},{"@type":"ListItem","position":2,"name":"Presne po roku repr\u00edza z\u00e1pasu v Skalici"}]},{"@type":"WebSite","@id":"https:\/\/fcspartaktrnava.com\/#website","url":"https:\/\/fcspartaktrnava.com\/","name":"FC Spartak Trnava","description":"ofici\u00e1lna webstr\u00e1nka futbalov\u00e9ho klubu","publisher":{"@id":"https:\/\/fcspartaktrnava.com\/#organization"},"potentialAction":[{"@type":"SearchAction","target":{"@type":"EntryPoint","urlTemplate":"https:\/\/fcspartaktrnava.com\/?s={search_term_string}"},"query-input":{"@type":"PropertyValueSpecification","valueRequired":true,"valueName":"search_term_string"}}],"inLanguage":"en-GB"},{"@type":"Organization","@id":"https:\/\/fcspartaktrnava.com\/#organization","name":"FC Spartak Trnava","alternateName":"Spartak","url":"https:\/\/fcspartaktrnava.com\/","logo":{"@type":"ImageObject","inLanguage":"en-GB","@id":"https:\/\/fcspartaktrnava.com\/#\/schema\/logo\/image\/","url":"https:\/\/fcspartaktrnava.com\/wp-content\/uploads\/2022\/08\/cropped-site_logo.png","contentUrl":"https:\/\/fcspartaktrnava.com\/wp-content\/uploads\/2022\/08\/cropped-site_logo.png","width":140,"height":140,"caption":"FC Spartak Trnava"},"image":{"@id":"https:\/\/fcspartaktrnava.com\/#\/schema\/logo\/image\/"},"sameAs":["https:\/\/www.facebook.com\/SpartakTrnava","https:\/\/x.com\/SpartakTrnava1","https:\/\/www.instagram.com\/spartak_sk\/"]},{"@type":"Person","@id":"https:\/\/fcspartaktrnava.com\/#\/schema\/person\/24bc5b254af14f71d7d8af178790aa75","name":"spartak","image":{"@type":"ImageObject","inLanguage":"en-GB","@id":"https:\/\/fcspartaktrnava.com\/#\/schema\/person\/image\/","url":"https:\/\/secure.gravatar.com\/avatar\/f8ff8584f3fcf3909a11a6da9019f37749183b4015bca14e64556c52614cdc7f?s=96&d=mm&r=g","contentUrl":"https:\/\/secure.gravatar.com\/avatar\/f8ff8584f3fcf3909a11a6da9019f37749183b4015bca14e64556c52614cdc7f?s=96&d=mm&r=g","caption":"spartak"},"url":"https:\/\/fcspartaktrnava.com\/en\/author\/spartak\/"}]}},"_links":{"self":[{"href":"https:\/\/fcspartaktrnava.com\/en\/wp-json\/wp\/v2\/posts\/10424","targetHints":{"allow":["GET"]}}],"collection":[{"href":"https:\/\/fcspartaktrnava.com\/en\/wp-json\/wp\/v2\/posts"}],"about":[{"href":"https:\/\/fcspartaktrnava.com\/en\/wp-json\/wp\/v2\/types\/post"}],"author":[{"embeddable":true,"href":"https:\/\/fcspartaktrnava.com\/en\/wp-json\/wp\/v2\/users\/2"}],"replies":[{"embeddable":true,"href":"https:\/\/fcspartaktrnava.com\/en\/wp-json\/wp\/v2\/comments?post=10424"}],"version-history":[{"count":0,"href":"https:\/\/fcspartaktrnava.com\/en\/wp-json\/wp\/v2\/posts\/10424\/revisions"}],"wp:featuredmedia":[{"embeddable":true,"href":"https:\/\/fcspartaktrnava.com\/en\/wp-json\/wp\/v2\/media\/10425"}],"wp:attachment":[{"href":"https:\/\/fcspartaktrnava.com\/en\/wp-json\/wp\/v2\/media?parent=10424"}],"wp:term":[{"taxonomy":"category","embeddable":true,"href":"https:\/\/fcspartaktrnava.com\/en\/wp-json\/wp\/v2\/categories?post=10424"},{"taxonomy":"post_tag","embeddable":true,"href":"https:\/\/fcspartaktrnava.com\/en\/wp-json\/wp\/v2\/tags?post=10424"}],"curies":[{"name":"wp","href":"https:\/\/api.w.org\/{rel}","templated":true}]}}