{"id":10230,"date":"2023-08-22T15:58:33","date_gmt":"2023-08-22T13:58:33","guid":{"rendered":"https:\/\/fcspartaktrnava.com\/?p=10230"},"modified":"2023-08-22T15:59:56","modified_gmt":"2023-08-22T13:59:56","slug":"m-gasparik-na-tomto-stadione-je-mozne-vsetko","status":"publish","type":"post","link":"https:\/\/fcspartaktrnava.com\/en\/m-gasparik-na-tomto-stadione-je-mozne-vsetko\/","title":{"rendered":"M. Ga\u0161par\u00edk: \u201eNa tomto \u0161tadi\u00f3ne je mo\u017en\u00e9 v\u0161etko\u201c"},"content":{"rendered":"<p>Necel\u00fdch sedem dn\u00ed po nezabudnute\u013enom postupe cez Lech Pozna\u0148 \u010dak\u00e1 \u0160tadi\u00f3n Antona Malatinsk\u00e9ho \u010fal\u0161\u00ed v\u00fdnimo\u010dn\u00fd z\u00e1pas. V&nbsp;play off o&nbsp;postup do skupinovej f\u00e1zy Eur\u00f3pskej konferen\u010dnej ligy bude Spartak Trnava hosti\u0165 ukrajinsk\u00e9 SC Dnipro-1.<\/p>\n\n\n\n<p>Pod\u013ea r\u00fdchlosti akou sa m\u00ed\u0148aj\u00fa vstupenky je zrejm\u00e9, \u017ee s&nbsp;v\u00fdnimkou hos\u0165uj\u00faceho sektora bud\u00fa v\u0161etky ostatn\u00e9 vypredan\u00e9. Fan\u00fa\u0161ikovia bud\u00fa o\u010dak\u00e1va\u0165, \u017ee hr\u00e1\u010di v&nbsp;spartakovsk\u00fdch dresoch minim\u00e1lne zopakuj\u00fa v\u00fdkon z&nbsp;minul\u00e9ho \u0161tvrtka.<\/p>\n\n\n\n<p><strong><em>\u201eMus\u00edme to e\u0161te posun\u00fa\u0165, alebo zopakova\u0165. Pre n\u00e1s je to historick\u00fd z\u00e1pas, lebo ke\u010f nejdeme z&nbsp;Ligy majstrov, potrebujeme play off zvl\u00e1dnu\u0165. Spartak sa tam nedost\u00e1va \u010dasto a&nbsp;pre n\u00e1s je to ve\u013ek\u00fd z\u00e1pas. Tie em\u00f3cie patria k&nbsp;tomu, nebud\u00fa ch\u00fdba\u0165. V&nbsp;z\u00e1pase s&nbsp;Lechom sa n\u00e1m div\u00e1kov podarilo vtiahnu\u0165 do deja a&nbsp;o&nbsp;to sa pok\u00fasime aj teraz. Aby sa nie\u010do dialo v&nbsp;\u0161estn\u00e1stke s\u00fapera, aby sme vytv\u00e1rali \u0161ance, boli dobr\u00ed v&nbsp;pressingu a&nbsp;aby n\u00e1m nech\u00fdbala aktivita v&nbsp;behan\u00ed. Potom sa \u013eudia toho chytia a&nbsp;hr\u00e1\u010dom sa hr\u00e1 ove\u013ea lep\u0161ie. Na tomto \u0161tadi\u00f3ne, ak sa vypred\u00e1, tak je v\u0161etko mo\u017en\u00e9. Ideme sa o&nbsp;to znova pok\u00fasi\u0165,\u201c<\/em><\/strong> hovor\u00ed tr\u00e9ner Michal Ga\u0161par\u00edk, ktor\u00e9ho dop\u013a\u0148a Martin Bukata za hr\u00e1\u010dsku kab\u00ednu a&nbsp;pr\u00edzvukuje, \u017ee v&nbsp;takej atmosf\u00e9re, ak\u00fa vytv\u00e1raj\u00fa trnavsk\u00ed fan\u00fa\u0161ikovia dok\u00e1\u017ee \u00eds\u0165 ka\u017ed\u00fd na doraz.<\/p>\n\n\n\n<p><strong><em>\u201eKa\u017ed\u00fd z\u00e1pas je in\u00fd, ale tie em\u00f3cie a&nbsp;atmosf\u00e9ra sa nedaj\u00fa op\u00edsa\u0165. To n\u00e1s \u017eenie dopredu a&nbsp;niekedy to nie je len o&nbsp;futbale. Na Lech to platilo, srdce, bojovnos\u0165 a&nbsp;ten dvan\u00e1sty hr\u00e1\u010d. Doma hr\u00e1me o&nbsp;jedn\u00e9ho viac. \u0160tadi\u00f3n n\u00e1s \u017eenie dopredu, t\u00e1 atmosf\u00e9ra je neskuto\u010dn\u00e9, a&nbsp;to mus\u00edme vyu\u017ei\u0165 my, aby sme mali dobr\u00fd v\u00fdsledok a&nbsp;urob\u00edme pre to maximum.\u201c<\/em><\/strong><\/p>\n\n\n\n<p>Lech bol mo\u017eno na papieri n\u00e1ro\u010dnej\u0161\u00ed s\u00faper ako Dnipro, to v\u0161ak nestavia do poz\u00edcie favorita Spartak. Ukrajinsk\u00e9 mu\u017estvo m\u00e1 dokonca&nbsp;na niektor\u00fdch postoch lep\u0161\u00edch hr\u00e1\u010dov ako Lech. <strong><em>\u201eMaj\u00fa fantastick\u00fa stredov\u00fa form\u00e1ciu, maj\u00fa troch-\u0161tyroch v\u00fdborn\u00fdch hr\u00e1\u010dov a&nbsp;tam sa zdaj\u00fa silnej\u0161\u00ed ako Lech. S\u00fa to v\u0161etko tak\u00ed mal\u00ed futbalisti od 160 do 170 cm, n\u00edzke \u0165a\u017eko, v\u0161etci s\u00fa agiln\u00ed a&nbsp;v\u00fdborne pracuj\u00fa s&nbsp;loptou. Toto bude k\u013e\u00fa\u010d k&nbsp;\u00faspechu a&nbsp;t\u00edto hr\u00e1\u010di sa nesm\u00fa dosta\u0165 do hry, lebo potom budeme beha\u0165 bez lopty. Obraz hry z\u00e1le\u017e\u00ed na t\u00fdch stredov\u00fdch hr\u00e1\u010dov.\u201c<\/em><\/strong><\/p>\n\n\n\n<p>Dnipro sa moment\u00e1lne tr\u00e1pi, vypadlo z&nbsp;Ligy majstrov, z&nbsp;Eur\u00f3pskej ligy, v&nbsp;dom\u00e1cej s\u00fa\u0165a\u017ei m\u00e1 len 4 body a&nbsp;m\u00e1 posledn\u00fa \u0161ancu zachr\u00e1ni\u0165 sez\u00f3nu \u00fa\u010das\u0165ou v&nbsp;skupine. Aj to bol d\u00f4vod pre\u010do skon\u010dil pri mu\u017estve tr\u00e9ner Oleksander Ku\u010der, ktor\u00e9ho zrejme nahrad\u00ed s\u00fa\u010dasn\u00fd tr\u00e9ner brank\u00e1rov Valerij Gorodov. <strong><em>\u201eV\u017edy ke\u010f vymen\u00edte tr\u00e9nera, tak je to impulz. Pre n\u00e1s to nie je ide\u00e1lna spr\u00e1va, ale zasa maj\u00fa ve\u013emi kr\u00e1tky \u010das. Mal by to prevzia\u0165 tr\u00e9ner brank\u00e1rov, do toho nevid\u00edme, ale za tak\u00fd kr\u00e1tky \u010das sa toho ve\u013ea zmeni\u0165 ned\u00e1 a&nbsp;bud\u00fa vych\u00e1dza\u0165 z&nbsp;toho, \u010do maj\u00fa zau\u017e\u00edvan\u00e9.\u201c<\/em><\/strong><\/p>\n\n\n\n<p>Cel\u00fd z\u00e1znam tla\u010dovej konferencie si m\u00f4\u017eete pozrie\u0165 na klubovom youtube kan\u00e1li:<\/p>\n\n\n\n<figure class=\"wp-block-embed is-type-video is-provider-youtube wp-block-embed-youtube wp-embed-aspect-16-9 wp-has-aspect-ratio\"><div class=\"wp-block-embed__wrapper\">\n<iframe loading=\"lazy\" title=\"TLA\u010cOV\u00c1 KONFERENCIA | Michal Ga\u0161par\u00edk a Martin Bukata\" width=\"500\" height=\"281\" src=\"https:\/\/www.youtube.com\/embed\/SfIBsdrucmE?feature=oembed\" frameborder=\"0\" allow=\"accelerometer; autoplay; clipboard-write; encrypted-media; gyroscope; picture-in-picture; web-share\" referrerpolicy=\"strict-origin-when-cross-origin\" allowfullscreen><\/iframe>\n<\/div><\/figure>\n\n\n\n<p>\u00davodn\u00e9 stretnutie sa v&nbsp;Trnave sa bude hra\u0165 v&nbsp;stredu od 18:30 na \u0160tadi\u00f3ne Antona Malatinsk\u00e9ho. Posledn\u00e9 vstupenky sa pred\u00e1vaj\u00fa <a href=\"https:\/\/cityarena.maxiticket.sk\/fc-spartak-trnava-vs-sc-dnipro-2023\" target=\"_blank\" rel=\"noreferrer noopener\">online<\/a>, vo fanshope alebo dnes od 15:30 v&nbsp;pokladni na \u0160portovej ulici.<\/p>\n\n\n\n<p><\/p>\n\n\n\n<div class=\"wp-block-buttons is-layout-flex wp-block-buttons-is-layout-flex\">\n<div class=\"wp-block-button aligncenter is-style-fill\"><a class=\"wp-block-button__link has-white-color has-text-color has-background wp-element-button\" href=\"https:\/\/fcspartaktrnava.com\/en\/galerii\/trening-pred-1-zapasom-play-off-ekl\/\" style=\"border-radius:0px;background-color:#d40133\" target=\"_blank\" rel=\"noreferrer noopener\">PHOTO GALLERY<\/a><\/div>\n<\/div>","protected":false},"excerpt":{"rendered":"<p>Necel\u00fdch sedem dn\u00ed po nezabudnute\u013enom postupe cez Lech&#8230;<\/p>","protected":false},"author":2,"featured_media":10190,"comment_status":"closed","ping_status":"closed","sticky":false,"template":"","format":"standard","meta":{"footnotes":""},"categories":[41],"tags":[11],"class_list":["post-10230","post","type-post","status-publish","format-standard","has-post-thumbnail","hentry","category-intervju","tag-michal-gasparik","post-number-1"],"yoast_head":"<!-- This site is optimized with the Yoast SEO plugin v27.1.1 - https:\/\/yoast.com\/product\/yoast-seo-wordpress\/ -->\n<title>M. Ga\u0161par\u00edk: \u201eNa tomto \u0161tadi\u00f3ne je mo\u017en\u00e9 v\u0161etko\u201c - FC Spartak Trnava<\/title>\n<meta name=\"robots\" content=\"index, follow, max-snippet:-1, max-image-preview:large, max-video-preview:-1\" \/>\n<link rel=\"canonical\" href=\"https:\/\/fcspartaktrnava.com\/en\/m-gasparik-na-tomto-stadione-je-mozne-vsetko\/\" \/>\n<meta name=\"twitter:label1\" content=\"Written by\" \/>\n\t<meta name=\"twitter:data1\" content=\"spartak\" \/>\n\t<meta name=\"twitter:label2\" content=\"Estimated reading time\" \/>\n\t<meta name=\"twitter:data2\" content=\"3 minutes\" \/>\n<script type=\"application\/ld+json\" class=\"yoast-schema-graph\">{\"@context\":\"https:\/\/schema.org\",\"@graph\":[{\"@type\":\"Article\",\"@id\":\"https:\/\/fcspartaktrnava.com\/m-gasparik-na-tomto-stadione-je-mozne-vsetko\/#article\",\"isPartOf\":{\"@id\":\"https:\/\/fcspartaktrnava.com\/m-gasparik-na-tomto-stadione-je-mozne-vsetko\/\"},\"author\":{\"name\":\"spartak\",\"@id\":\"https:\/\/fcspartaktrnava.com\/#\/schema\/person\/24bc5b254af14f71d7d8af178790aa75\"},\"headline\":\"M. Ga\u0161par\u00edk: \u201eNa tomto \u0161tadi\u00f3ne je mo\u017en\u00e9 v\u0161etko\u201c\",\"datePublished\":\"2023-08-22T13:58:33+00:00\",\"dateModified\":\"2023-08-22T13:59:56+00:00\",\"mainEntityOfPage\":{\"@id\":\"https:\/\/fcspartaktrnava.com\/m-gasparik-na-tomto-stadione-je-mozne-vsetko\/\"},\"wordCount\":694,\"publisher\":{\"@id\":\"https:\/\/fcspartaktrnava.com\/#organization\"},\"image\":{\"@id\":\"https:\/\/fcspartaktrnava.com\/m-gasparik-na-tomto-stadione-je-mozne-vsetko\/#primaryimage\"},\"thumbnailUrl\":\"https:\/\/fcspartaktrnava.com\/wp-content\/uploads\/2023\/08\/DSC_7314.jpg\",\"keywords\":[\"Michal Ga\u0161par\u00edk\"],\"articleSection\":[\"Rozhovory\"],\"inLanguage\":\"en-GB\"},{\"@type\":\"WebPage\",\"@id\":\"https:\/\/fcspartaktrnava.com\/m-gasparik-na-tomto-stadione-je-mozne-vsetko\/\",\"url\":\"https:\/\/fcspartaktrnava.com\/m-gasparik-na-tomto-stadione-je-mozne-vsetko\/\",\"name\":\"M. Ga\u0161par\u00edk: \u201eNa tomto \u0161tadi\u00f3ne je mo\u017en\u00e9 v\u0161etko\u201c - FC Spartak Trnava\",\"isPartOf\":{\"@id\":\"https:\/\/fcspartaktrnava.com\/#website\"},\"primaryImageOfPage\":{\"@id\":\"https:\/\/fcspartaktrnava.com\/m-gasparik-na-tomto-stadione-je-mozne-vsetko\/#primaryimage\"},\"image\":{\"@id\":\"https:\/\/fcspartaktrnava.com\/m-gasparik-na-tomto-stadione-je-mozne-vsetko\/#primaryimage\"},\"thumbnailUrl\":\"https:\/\/fcspartaktrnava.com\/wp-content\/uploads\/2023\/08\/DSC_7314.jpg\",\"datePublished\":\"2023-08-22T13:58:33+00:00\",\"dateModified\":\"2023-08-22T13:59:56+00:00\",\"breadcrumb\":{\"@id\":\"https:\/\/fcspartaktrnava.com\/m-gasparik-na-tomto-stadione-je-mozne-vsetko\/#breadcrumb\"},\"inLanguage\":\"en-GB\",\"potentialAction\":[{\"@type\":\"ReadAction\",\"target\":[\"https:\/\/fcspartaktrnava.com\/m-gasparik-na-tomto-stadione-je-mozne-vsetko\/\"]}]},{\"@type\":\"ImageObject\",\"inLanguage\":\"en-GB\",\"@id\":\"https:\/\/fcspartaktrnava.com\/m-gasparik-na-tomto-stadione-je-mozne-vsetko\/#primaryimage\",\"url\":\"https:\/\/fcspartaktrnava.com\/wp-content\/uploads\/2023\/08\/DSC_7314.jpg\",\"contentUrl\":\"https:\/\/fcspartaktrnava.com\/wp-content\/uploads\/2023\/08\/DSC_7314.jpg\",\"width\":1520,\"height\":1011},{\"@type\":\"BreadcrumbList\",\"@id\":\"https:\/\/fcspartaktrnava.com\/m-gasparik-na-tomto-stadione-je-mozne-vsetko\/#breadcrumb\",\"itemListElement\":[{\"@type\":\"ListItem\",\"position\":1,\"name\":\"Home\",\"item\":\"https:\/\/fcspartaktrnava.com\/\"},{\"@type\":\"ListItem\",\"position\":2,\"name\":\"M. Ga\u0161par\u00edk: \u201eNa tomto \u0161tadi\u00f3ne je mo\u017en\u00e9 v\u0161etko\u201c\"}]},{\"@type\":\"WebSite\",\"@id\":\"https:\/\/fcspartaktrnava.com\/#website\",\"url\":\"https:\/\/fcspartaktrnava.com\/\",\"name\":\"FC Spartak Trnava\",\"description\":\"ofici\u00e1lna webstr\u00e1nka futbalov\u00e9ho klubu\",\"publisher\":{\"@id\":\"https:\/\/fcspartaktrnava.com\/#organization\"},\"potentialAction\":[{\"@type\":\"SearchAction\",\"target\":{\"@type\":\"EntryPoint\",\"urlTemplate\":\"https:\/\/fcspartaktrnava.com\/?s={search_term_string}\"},\"query-input\":{\"@type\":\"PropertyValueSpecification\",\"valueRequired\":true,\"valueName\":\"search_term_string\"}}],\"inLanguage\":\"en-GB\"},{\"@type\":\"Organization\",\"@id\":\"https:\/\/fcspartaktrnava.com\/#organization\",\"name\":\"FC Spartak Trnava\",\"alternateName\":\"Spartak\",\"url\":\"https:\/\/fcspartaktrnava.com\/\",\"logo\":{\"@type\":\"ImageObject\",\"inLanguage\":\"en-GB\",\"@id\":\"https:\/\/fcspartaktrnava.com\/#\/schema\/logo\/image\/\",\"url\":\"https:\/\/fcspartaktrnava.com\/wp-content\/uploads\/2022\/08\/cropped-site_logo.png\",\"contentUrl\":\"https:\/\/fcspartaktrnava.com\/wp-content\/uploads\/2022\/08\/cropped-site_logo.png\",\"width\":140,\"height\":140,\"caption\":\"FC Spartak Trnava\"},\"image\":{\"@id\":\"https:\/\/fcspartaktrnava.com\/#\/schema\/logo\/image\/\"},\"sameAs\":[\"https:\/\/www.facebook.com\/SpartakTrnava\",\"https:\/\/x.com\/SpartakTrnava1\",\"https:\/\/www.instagram.com\/spartak_sk\/\"]},{\"@type\":\"Person\",\"@id\":\"https:\/\/fcspartaktrnava.com\/#\/schema\/person\/24bc5b254af14f71d7d8af178790aa75\",\"name\":\"spartak\",\"image\":{\"@type\":\"ImageObject\",\"inLanguage\":\"en-GB\",\"@id\":\"https:\/\/fcspartaktrnava.com\/#\/schema\/person\/image\/\",\"url\":\"https:\/\/secure.gravatar.com\/avatar\/f8ff8584f3fcf3909a11a6da9019f37749183b4015bca14e64556c52614cdc7f?s=96&d=mm&r=g\",\"contentUrl\":\"https:\/\/secure.gravatar.com\/avatar\/f8ff8584f3fcf3909a11a6da9019f37749183b4015bca14e64556c52614cdc7f?s=96&d=mm&r=g\",\"caption\":\"spartak\"},\"url\":\"https:\/\/fcspartaktrnava.com\/en\/author\/spartak\/\"}]}<\/script>\n<!-- \/ Yoast SEO plugin. -->","yoast_head_json":{"title":"M. Ga\u0161par\u00edk: \u201eNa tomto \u0161tadi\u00f3ne je mo\u017en\u00e9 v\u0161etko\u201c - FC Spartak Trnava","robots":{"index":"index","follow":"follow","max-snippet":"max-snippet:-1","max-image-preview":"max-image-preview:large","max-video-preview":"max-video-preview:-1"},"canonical":"https:\/\/fcspartaktrnava.com\/en\/m-gasparik-na-tomto-stadione-je-mozne-vsetko\/","twitter_misc":{"Written by":"spartak","Estimated reading time":"3 minutes"},"schema":{"@context":"https:\/\/schema.org","@graph":[{"@type":"Article","@id":"https:\/\/fcspartaktrnava.com\/m-gasparik-na-tomto-stadione-je-mozne-vsetko\/#article","isPartOf":{"@id":"https:\/\/fcspartaktrnava.com\/m-gasparik-na-tomto-stadione-je-mozne-vsetko\/"},"author":{"name":"spartak","@id":"https:\/\/fcspartaktrnava.com\/#\/schema\/person\/24bc5b254af14f71d7d8af178790aa75"},"headline":"M. Ga\u0161par\u00edk: \u201eNa tomto \u0161tadi\u00f3ne je mo\u017en\u00e9 v\u0161etko\u201c","datePublished":"2023-08-22T13:58:33+00:00","dateModified":"2023-08-22T13:59:56+00:00","mainEntityOfPage":{"@id":"https:\/\/fcspartaktrnava.com\/m-gasparik-na-tomto-stadione-je-mozne-vsetko\/"},"wordCount":694,"publisher":{"@id":"https:\/\/fcspartaktrnava.com\/#organization"},"image":{"@id":"https:\/\/fcspartaktrnava.com\/m-gasparik-na-tomto-stadione-je-mozne-vsetko\/#primaryimage"},"thumbnailUrl":"https:\/\/fcspartaktrnava.com\/wp-content\/uploads\/2023\/08\/DSC_7314.jpg","keywords":["Michal Ga\u0161par\u00edk"],"articleSection":["Rozhovory"],"inLanguage":"en-GB"},{"@type":"WebPage","@id":"https:\/\/fcspartaktrnava.com\/m-gasparik-na-tomto-stadione-je-mozne-vsetko\/","url":"https:\/\/fcspartaktrnava.com\/m-gasparik-na-tomto-stadione-je-mozne-vsetko\/","name":"M. Ga\u0161par\u00edk: \u201eNa tomto \u0161tadi\u00f3ne je mo\u017en\u00e9 v\u0161etko\u201c - FC Spartak Trnava","isPartOf":{"@id":"https:\/\/fcspartaktrnava.com\/#website"},"primaryImageOfPage":{"@id":"https:\/\/fcspartaktrnava.com\/m-gasparik-na-tomto-stadione-je-mozne-vsetko\/#primaryimage"},"image":{"@id":"https:\/\/fcspartaktrnava.com\/m-gasparik-na-tomto-stadione-je-mozne-vsetko\/#primaryimage"},"thumbnailUrl":"https:\/\/fcspartaktrnava.com\/wp-content\/uploads\/2023\/08\/DSC_7314.jpg","datePublished":"2023-08-22T13:58:33+00:00","dateModified":"2023-08-22T13:59:56+00:00","breadcrumb":{"@id":"https:\/\/fcspartaktrnava.com\/m-gasparik-na-tomto-stadione-je-mozne-vsetko\/#breadcrumb"},"inLanguage":"en-GB","potentialAction":[{"@type":"ReadAction","target":["https:\/\/fcspartaktrnava.com\/m-gasparik-na-tomto-stadione-je-mozne-vsetko\/"]}]},{"@type":"ImageObject","inLanguage":"en-GB","@id":"https:\/\/fcspartaktrnava.com\/m-gasparik-na-tomto-stadione-je-mozne-vsetko\/#primaryimage","url":"https:\/\/fcspartaktrnava.com\/wp-content\/uploads\/2023\/08\/DSC_7314.jpg","contentUrl":"https:\/\/fcspartaktrnava.com\/wp-content\/uploads\/2023\/08\/DSC_7314.jpg","width":1520,"height":1011},{"@type":"BreadcrumbList","@id":"https:\/\/fcspartaktrnava.com\/m-gasparik-na-tomto-stadione-je-mozne-vsetko\/#breadcrumb","itemListElement":[{"@type":"ListItem","position":1,"name":"Home","item":"https:\/\/fcspartaktrnava.com\/"},{"@type":"ListItem","position":2,"name":"M. Ga\u0161par\u00edk: \u201eNa tomto \u0161tadi\u00f3ne je mo\u017en\u00e9 v\u0161etko\u201c"}]},{"@type":"WebSite","@id":"https:\/\/fcspartaktrnava.com\/#website","url":"https:\/\/fcspartaktrnava.com\/","name":"FC Spartak Trnava","description":"ofici\u00e1lna webstr\u00e1nka futbalov\u00e9ho klubu","publisher":{"@id":"https:\/\/fcspartaktrnava.com\/#organization"},"potentialAction":[{"@type":"SearchAction","target":{"@type":"EntryPoint","urlTemplate":"https:\/\/fcspartaktrnava.com\/?s={search_term_string}"},"query-input":{"@type":"PropertyValueSpecification","valueRequired":true,"valueName":"search_term_string"}}],"inLanguage":"en-GB"},{"@type":"Organization","@id":"https:\/\/fcspartaktrnava.com\/#organization","name":"FC Spartak Trnava","alternateName":"Spartak","url":"https:\/\/fcspartaktrnava.com\/","logo":{"@type":"ImageObject","inLanguage":"en-GB","@id":"https:\/\/fcspartaktrnava.com\/#\/schema\/logo\/image\/","url":"https:\/\/fcspartaktrnava.com\/wp-content\/uploads\/2022\/08\/cropped-site_logo.png","contentUrl":"https:\/\/fcspartaktrnava.com\/wp-content\/uploads\/2022\/08\/cropped-site_logo.png","width":140,"height":140,"caption":"FC Spartak Trnava"},"image":{"@id":"https:\/\/fcspartaktrnava.com\/#\/schema\/logo\/image\/"},"sameAs":["https:\/\/www.facebook.com\/SpartakTrnava","https:\/\/x.com\/SpartakTrnava1","https:\/\/www.instagram.com\/spartak_sk\/"]},{"@type":"Person","@id":"https:\/\/fcspartaktrnava.com\/#\/schema\/person\/24bc5b254af14f71d7d8af178790aa75","name":"spartak","image":{"@type":"ImageObject","inLanguage":"en-GB","@id":"https:\/\/fcspartaktrnava.com\/#\/schema\/person\/image\/","url":"https:\/\/secure.gravatar.com\/avatar\/f8ff8584f3fcf3909a11a6da9019f37749183b4015bca14e64556c52614cdc7f?s=96&d=mm&r=g","contentUrl":"https:\/\/secure.gravatar.com\/avatar\/f8ff8584f3fcf3909a11a6da9019f37749183b4015bca14e64556c52614cdc7f?s=96&d=mm&r=g","caption":"spartak"},"url":"https:\/\/fcspartaktrnava.com\/en\/author\/spartak\/"}]}},"_links":{"self":[{"href":"https:\/\/fcspartaktrnava.com\/en\/wp-json\/wp\/v2\/posts\/10230","targetHints":{"allow":["GET"]}}],"collection":[{"href":"https:\/\/fcspartaktrnava.com\/en\/wp-json\/wp\/v2\/posts"}],"about":[{"href":"https:\/\/fcspartaktrnava.com\/en\/wp-json\/wp\/v2\/types\/post"}],"author":[{"embeddable":true,"href":"https:\/\/fcspartaktrnava.com\/en\/wp-json\/wp\/v2\/users\/2"}],"replies":[{"embeddable":true,"href":"https:\/\/fcspartaktrnava.com\/en\/wp-json\/wp\/v2\/comments?post=10230"}],"version-history":[{"count":0,"href":"https:\/\/fcspartaktrnava.com\/en\/wp-json\/wp\/v2\/posts\/10230\/revisions"}],"wp:featuredmedia":[{"embeddable":true,"href":"https:\/\/fcspartaktrnava.com\/en\/wp-json\/wp\/v2\/media\/10190"}],"wp:attachment":[{"href":"https:\/\/fcspartaktrnava.com\/en\/wp-json\/wp\/v2\/media?parent=10230"}],"wp:term":[{"taxonomy":"category","embeddable":true,"href":"https:\/\/fcspartaktrnava.com\/en\/wp-json\/wp\/v2\/categories?post=10230"},{"taxonomy":"post_tag","embeddable":true,"href":"https:\/\/fcspartaktrnava.com\/en\/wp-json\/wp\/v2\/tags?post=10230"}],"curies":[{"name":"wp","href":"https:\/\/api.w.org\/{rel}","templated":true}]}}