{"id":10155,"date":"2023-08-21T09:31:32","date_gmt":"2023-08-21T07:31:32","guid":{"rendered":"https:\/\/fcspartaktrnava.com\/?p=10155"},"modified":"2023-08-21T09:31:32","modified_gmt":"2023-08-21T07:31:32","slug":"zvladnuta-liga-a-teraz-je-na-rade-dnipro","status":"publish","type":"post","link":"https:\/\/fcspartaktrnava.com\/en\/zvladnuta-liga-a-teraz-je-na-rade-dnipro\/","title":{"rendered":"Zvl\u00e1dnut\u00e1 liga a\u00a0teraz je na rade Dnipro"},"content":{"rendered":"<p>Bolo zauj\u00edmav\u00e9 sledova\u0165 ako sa Spartak po \u0161tvrtkovom z\u00e1pase s&nbsp;Lechom popasuje s&nbsp;nesmierne d\u00f4le\u017eit\u00fdm ligov\u00fdm duelom proti l\u00eddrovi z&nbsp;Podbrezovej. Tr\u00e9ner Ga\u0161par\u00edk sa tentoraz rozhodol pre variant s&nbsp;preto\u010den\u00edm zostavy. Z&nbsp;poh\u00e1rov\u00e9ho z\u00e1pasu ostal len brank\u00e1r Tak\u00e1\u010d a&nbsp;stop\u00e9rska dvojica Gorosito \u2013 \u0160tetina, pri\u010dom strelec rozhoduj\u00faceho postupov\u00e9ho g\u00f3lu odpracoval len prv\u00fd pol\u010das.<\/p>\n\n\n\n<p>Napriek tomu hrali Trnav\u010dania akt\u00edvne, vysoko nap\u00e1dali, vytvorili si \u0161anc\u00ed mo\u017eno aj na dva z\u00e1pasy, k&nbsp;ktor\u00fdch premenili dve na svoje premi\u00e9rov\u00e9 g\u00f3ly Bainovi\u010d a&nbsp;Breznik.<\/p>\n\n\n\n<p><strong><em>\u201eBreznik ma pote\u0161il, na to, \u017ee hral prv\u00fdkr\u00e1t v&nbsp;z\u00e1kladnej zostave. Brali sme ho preto, \u017ee m\u00e1 potenci\u00e1l. Hne\u010f strelil aj g\u00f3l, \u010do mu isto zv\u00fd\u0161i sebavedomie. Videl som aj p\u00e1r nedostatkov, potrebujeme si ho ulo\u017ei\u0165 do koncepcie a&nbsp;p\u00f4jde vy\u0161\u0161ie,\u201c<\/em><\/strong> povedal po z\u00e1pase tr\u00e9ner Ga\u0161par\u00edk a&nbsp;vyzdvihol aj v\u00fdkon Milana Ristovskeho, ktor\u00fd odohral cel\u00fd z\u00e1pas. Najm\u00e4 v druhom pol\u010dase neprehral sn\u00e1\u010f ani jeden hlavi\u010dkov\u00fd s\u00faboj a stop\u00e9ri ho mali pln\u00e9 zuby, dok\u00e1zal podr\u017ea\u0165 \u0165a\u017ek\u00e9 lopty, rozbiehal proti\u00fatoky. Bolo vidno, \u017ee m\u00e1 obrovsk\u00fa chu\u0165 hra\u0165 a&nbsp;aj zlomi\u0165 svoju streleck\u00fa smolu. Sk\u00fa\u0161al zakon\u010dova\u0165, a&nbsp;hoci g\u00f3l Podbrezovej nedal, jeho v\u00fdkon je pr\u00eds\u013eubom, \u017ee by sa mohol vr\u00e1ti\u0165 do formy. <strong><em>\u201eOn u\u017e mus\u00ed da\u0165 g\u00f3l. Zo za\u010diatku to mal \u0165a\u017e\u0161ie a&nbsp;potom sa do z\u00e1pasu dobre dostal. Ku koncu jeho v\u00fdkon gradoval. Potrebuje da\u0165 g\u00f3l, ale ve\u013emi dobre hral v&nbsp;poli,\u201c<\/em><\/strong> pochv\u00e1lil ho Ga\u0161par\u00edk.<\/p>\n\n\n\n<p>V\u00a0defenz\u00edve hral skvel\u00fd part najstar\u0161\u00ed hr\u00e1\u010d na ihrisku Nicolas Gorosito. Jedin\u00fd odbehal cel\u00fd z\u00e1pas s\u00a0kompletnou minut\u00e1\u017eou zo \u0161tvrtka v\u00a0noh\u00e1ch. V\u00a0z\u00e1vere prv\u00e9ho pol\u010dasu po nepr\u00edjemnom \u0161\u013eap\u00e1ku vyzeral, \u017ee nebude m\u00f4c\u0165 chodi\u0165, ale napokon sa postavil a\u00a0z\u00e1pas dohral. <strong><em>\u201ePotrebovali sme vyhra\u0165, lebo sme mali jeden bod a oni s\u00fa v tabu\u013eke hore. Dostal som nalo\u017een\u00e9, chv\u00ed\u013eu to poriadne bolelo, ale rozchodil som to a na stredu som pripraven\u00fd.\u201c<\/em><\/strong><\/p>\n\n\n\n<figure class=\"wp-block-embed is-type-video is-provider-youtube wp-block-embed-youtube wp-embed-aspect-16-9 wp-has-aspect-ratio\"><div class=\"wp-block-embed__wrapper\">\n<iframe loading=\"lazy\" title=\"Nicolas Gorosito po z\u00e1pase s Podbrezovou\" width=\"500\" height=\"281\" src=\"https:\/\/www.youtube.com\/embed\/EaNQv0JCRNo?feature=oembed\" frameborder=\"0\" allow=\"accelerometer; autoplay; clipboard-write; encrypted-media; gyroscope; picture-in-picture; web-share\" referrerpolicy=\"strict-origin-when-cross-origin\" allowfullscreen><\/iframe>\n<\/div><\/figure>\n\n\n\n<p>To u\u017e prich\u00e1dzal okamih Filipa Bainovi\u010da. V\u00a0nadstavenom \u010dase prv\u00e9ho pol\u010dasu sa oprel do lopty spoza \u0161estn\u00e1stky a\u00a0Ludha na \u0148u nedo\u010diahol. <strong><em>\u201eMysl\u00edm, \u017ee sme hrali dobre a dali sme g\u00f3l v perfektn\u00fd moment v prvom pol\u010dase, aj v tom druhom. Nie je d\u00f4le\u017eit\u00e9 kto d\u00e1 g\u00f3l, ale potrebujeme vyhr\u00e1va\u0165 z\u00e1pasy. Dnes sa te\u0161\u00edm ja s Mihom. U\u017e som v lige rok a pol a sk\u00fa\u0161am to z dia\u013eky \u010dasto, dnes sa to podarilo,\u201c <\/em><\/strong>te\u0161il sa Bainovi\u010d.<\/p>\n\n\n\n<figure class=\"wp-block-embed is-type-video is-provider-youtube wp-block-embed-youtube wp-embed-aspect-16-9 wp-has-aspect-ratio\"><div class=\"wp-block-embed__wrapper\">\n<iframe loading=\"lazy\" title=\"Filip Bainovi\u010d po z\u00e1pase s Podbrezovou\" width=\"500\" height=\"281\" src=\"https:\/\/www.youtube.com\/embed\/0c1sGnsOe2Q?feature=oembed\" frameborder=\"0\" allow=\"accelerometer; autoplay; clipboard-write; encrypted-media; gyroscope; picture-in-picture; web-share\" referrerpolicy=\"strict-origin-when-cross-origin\" allowfullscreen><\/iframe>\n<\/div><\/figure>\n\n\n\n<p>\u010cist\u00e9 konto si udr\u017eal Dominik Tak\u00e1\u010d, ktor\u00fd p\u00f4sobil ist\u00fdm dojmom. Za v\u00fdkon pochv\u00e1lil spoluhr\u00e1\u010dov, ktor\u00ed Podbrezov\u00fa do \u010dist\u00fdch \u0161anc\u00ed nepustili. <strong><em>\u201eVe\u013emi n\u00e1ro\u010dn\u00fd z\u00e1pas. Po takom z\u00e1pase, kde bol pln\u00fd \u0161tadi\u00f3n a ve\u013ea em\u00f3ci\u00ed sa vyhecova\u0165 na tak\u00fdto ligov\u00fd, ke\u010f vieme, \u017ee v stredu m\u00e1me \u010fal\u0161\u00ed podobn\u00fd z\u00e1pas. Klob\u00fak dolu pred chalanmi ako to odbojovali. Doteraz sme sa chystali na Podbrezov\u00fa. Od zajtra sa vrhneme sa Dnipro,\u201c <\/em><\/strong>povedal trnavsk\u00fd brank\u00e1r, ktor\u00fd potvrdil, \u017ee Spartak nechcel vypusti\u0165 ani ligu.<\/p>\n\n\n\n<figure class=\"wp-block-embed is-type-video is-provider-youtube wp-block-embed-youtube wp-embed-aspect-16-9 wp-has-aspect-ratio\"><div class=\"wp-block-embed__wrapper\">\n<iframe loading=\"lazy\" title=\"Dominik Tak\u00e1\u010d po z\u00e1pase s Podbrezovou\" width=\"500\" height=\"281\" src=\"https:\/\/www.youtube.com\/embed\/u0q67JT4UVU?feature=oembed\" frameborder=\"0\" allow=\"accelerometer; autoplay; clipboard-write; encrypted-media; gyroscope; picture-in-picture; web-share\" referrerpolicy=\"strict-origin-when-cross-origin\" allowfullscreen><\/iframe>\n<\/div><\/figure>\n\n\n\n<p>U\u017e v&nbsp;stredu v\u0161ak bude musie\u0165 azda v&nbsp;najd\u00f4le\u017eitej\u0161om z\u00e1pase leta zopakova\u0165 v\u00fdkon proti Lechu, aby si v&nbsp;prvom z\u00e1pase play off proti ukrajinsk\u00e9mu Dnipru-1 vytvoril \u010do najlep\u0161iu poz\u00edciu do odvety. T\u00e1 sa bude hra\u0165 s\u00edce v&nbsp;Ko\u0161iciach, kde to maj\u00fa trnavsk\u00ed fan\u00fa\u0161ikovia na skok, ale to im e\u0161te nezaru\u010duje \u00fa\u010das\u0165 na \u0161tadi\u00f3ne. St\u00e1le budeme v&nbsp;poz\u00edcii hos\u0165uj\u00faceho mu\u017estva, tak\u017ee bude pre nich len obmedzen\u00fd po\u010det vstupeniek do hos\u0165ovsk\u00e9ho sektora.<\/p>\n\n\n\n<p><strong><em>\u201eMy budeme v&nbsp;Ko\u0161iciach a&nbsp;nebudeme tam ma\u0165 to\u013eko na\u0161ich fan\u00fa\u0161ikov, oni n\u00e1m tie l\u00edstky nepredaj\u00fa. Sk\u00f4r to berieme tak, \u017ee sa to bude hra\u0165 na neutr\u00e1lnom ihrisku. Uvid\u00edme ak\u00fd bude v\u00fdsledok prv\u00e9ho z\u00e1pasu a&nbsp;potom si to rozd\u00e1me na neutr\u00e1lnom ihrisku,\u201c<\/em><\/strong> hovor\u00ed Michal Ga\u0161par\u00edk.<\/p>\n\n\n\n<p>Prv\u00fd <a href=\"https:\/\/cityarena.maxiticket.sk\/fc-spartak-trnava-vs-sc-dnipro-2023\" target=\"_blank\" rel=\"noreferrer noopener\">z\u00e1pas<\/a>, na ktor\u00fd sa za dva dni predalo viac ako 10 tis\u00edc vstupeniek, sa odohr\u00e1 v\u00a0Trnave u\u017e t\u00fato stredu od 18:30.<\/p>\n\n\n\n<div class=\"wp-block-buttons is-layout-flex wp-block-buttons-is-layout-flex\">\n<div class=\"wp-block-button aligncenter is-style-fill\"><a class=\"wp-block-button__link has-white-color has-text-color has-background wp-element-button\" href=\"https:\/\/fcspartaktrnava.com\/en\/galerii\/4-kolo-nike-ligy-fc-spartak-trnava-vs-fk-zeleziarne-podbrezova\/\" style=\"border-radius:0px;background-color:#d40133\" target=\"_blank\" rel=\"noreferrer noopener\">PHOTO GALLERY<\/a><\/div>\n<\/div>","protected":false},"excerpt":{"rendered":"<p>Bolo zauj\u00edmav\u00e9 sledova\u0165 ako sa Spartak po \u0161tvrtkovom&#8230;<\/p>","protected":false},"author":2,"featured_media":10152,"comment_status":"closed","ping_status":"closed","sticky":false,"template":"","format":"standard","meta":{"footnotes":""},"categories":[41],"tags":[11],"class_list":["post-10155","post","type-post","status-publish","format-standard","has-post-thumbnail","hentry","category-intervju","tag-michal-gasparik","post-number-1"],"yoast_head":"<!-- This site is optimized with the Yoast SEO plugin v27.1.1 - https:\/\/yoast.com\/product\/yoast-seo-wordpress\/ -->\n<title>Zvl\u00e1dnut\u00e1 liga a\u00a0teraz je na rade Dnipro - FC Spartak Trnava<\/title>\n<meta name=\"robots\" content=\"index, follow, max-snippet:-1, max-image-preview:large, max-video-preview:-1\" \/>\n<link rel=\"canonical\" href=\"https:\/\/fcspartaktrnava.com\/en\/zvladnuta-liga-a-teraz-je-na-rade-dnipro\/\" \/>\n<meta name=\"twitter:label1\" content=\"Written by\" \/>\n\t<meta name=\"twitter:data1\" content=\"spartak\" \/>\n\t<meta name=\"twitter:label2\" content=\"Estimated reading time\" \/>\n\t<meta name=\"twitter:data2\" content=\"4 minutes\" \/>\n<script type=\"application\/ld+json\" class=\"yoast-schema-graph\">{\"@context\":\"https:\/\/schema.org\",\"@graph\":[{\"@type\":\"Article\",\"@id\":\"https:\/\/fcspartaktrnava.com\/zvladnuta-liga-a-teraz-je-na-rade-dnipro\/#article\",\"isPartOf\":{\"@id\":\"https:\/\/fcspartaktrnava.com\/zvladnuta-liga-a-teraz-je-na-rade-dnipro\/\"},\"author\":{\"name\":\"spartak\",\"@id\":\"https:\/\/fcspartaktrnava.com\/#\/schema\/person\/24bc5b254af14f71d7d8af178790aa75\"},\"headline\":\"Zvl\u00e1dnut\u00e1 liga a\u00a0teraz je na rade Dnipro\",\"datePublished\":\"2023-08-21T07:31:32+00:00\",\"mainEntityOfPage\":{\"@id\":\"https:\/\/fcspartaktrnava.com\/zvladnuta-liga-a-teraz-je-na-rade-dnipro\/\"},\"wordCount\":823,\"publisher\":{\"@id\":\"https:\/\/fcspartaktrnava.com\/#organization\"},\"image\":{\"@id\":\"https:\/\/fcspartaktrnava.com\/zvladnuta-liga-a-teraz-je-na-rade-dnipro\/#primaryimage\"},\"thumbnailUrl\":\"https:\/\/fcspartaktrnava.com\/wp-content\/uploads\/2023\/08\/DSC_7223.jpg\",\"keywords\":[\"Michal Ga\u0161par\u00edk\"],\"articleSection\":[\"Rozhovory\"],\"inLanguage\":\"en-GB\"},{\"@type\":\"WebPage\",\"@id\":\"https:\/\/fcspartaktrnava.com\/zvladnuta-liga-a-teraz-je-na-rade-dnipro\/\",\"url\":\"https:\/\/fcspartaktrnava.com\/zvladnuta-liga-a-teraz-je-na-rade-dnipro\/\",\"name\":\"Zvl\u00e1dnut\u00e1 liga a\u00a0teraz je na rade Dnipro - FC Spartak Trnava\",\"isPartOf\":{\"@id\":\"https:\/\/fcspartaktrnava.com\/#website\"},\"primaryImageOfPage\":{\"@id\":\"https:\/\/fcspartaktrnava.com\/zvladnuta-liga-a-teraz-je-na-rade-dnipro\/#primaryimage\"},\"image\":{\"@id\":\"https:\/\/fcspartaktrnava.com\/zvladnuta-liga-a-teraz-je-na-rade-dnipro\/#primaryimage\"},\"thumbnailUrl\":\"https:\/\/fcspartaktrnava.com\/wp-content\/uploads\/2023\/08\/DSC_7223.jpg\",\"datePublished\":\"2023-08-21T07:31:32+00:00\",\"breadcrumb\":{\"@id\":\"https:\/\/fcspartaktrnava.com\/zvladnuta-liga-a-teraz-je-na-rade-dnipro\/#breadcrumb\"},\"inLanguage\":\"en-GB\",\"potentialAction\":[{\"@type\":\"ReadAction\",\"target\":[\"https:\/\/fcspartaktrnava.com\/zvladnuta-liga-a-teraz-je-na-rade-dnipro\/\"]}]},{\"@type\":\"ImageObject\",\"inLanguage\":\"en-GB\",\"@id\":\"https:\/\/fcspartaktrnava.com\/zvladnuta-liga-a-teraz-je-na-rade-dnipro\/#primaryimage\",\"url\":\"https:\/\/fcspartaktrnava.com\/wp-content\/uploads\/2023\/08\/DSC_7223.jpg\",\"contentUrl\":\"https:\/\/fcspartaktrnava.com\/wp-content\/uploads\/2023\/08\/DSC_7223.jpg\",\"width\":1520,\"height\":1013},{\"@type\":\"BreadcrumbList\",\"@id\":\"https:\/\/fcspartaktrnava.com\/zvladnuta-liga-a-teraz-je-na-rade-dnipro\/#breadcrumb\",\"itemListElement\":[{\"@type\":\"ListItem\",\"position\":1,\"name\":\"Home\",\"item\":\"https:\/\/fcspartaktrnava.com\/\"},{\"@type\":\"ListItem\",\"position\":2,\"name\":\"Zvl\u00e1dnut\u00e1 liga a\u00a0teraz je na rade Dnipro\"}]},{\"@type\":\"WebSite\",\"@id\":\"https:\/\/fcspartaktrnava.com\/#website\",\"url\":\"https:\/\/fcspartaktrnava.com\/\",\"name\":\"FC Spartak Trnava\",\"description\":\"ofici\u00e1lna webstr\u00e1nka futbalov\u00e9ho klubu\",\"publisher\":{\"@id\":\"https:\/\/fcspartaktrnava.com\/#organization\"},\"potentialAction\":[{\"@type\":\"SearchAction\",\"target\":{\"@type\":\"EntryPoint\",\"urlTemplate\":\"https:\/\/fcspartaktrnava.com\/?s={search_term_string}\"},\"query-input\":{\"@type\":\"PropertyValueSpecification\",\"valueRequired\":true,\"valueName\":\"search_term_string\"}}],\"inLanguage\":\"en-GB\"},{\"@type\":\"Organization\",\"@id\":\"https:\/\/fcspartaktrnava.com\/#organization\",\"name\":\"FC Spartak Trnava\",\"alternateName\":\"Spartak\",\"url\":\"https:\/\/fcspartaktrnava.com\/\",\"logo\":{\"@type\":\"ImageObject\",\"inLanguage\":\"en-GB\",\"@id\":\"https:\/\/fcspartaktrnava.com\/#\/schema\/logo\/image\/\",\"url\":\"https:\/\/fcspartaktrnava.com\/wp-content\/uploads\/2022\/08\/cropped-site_logo.png\",\"contentUrl\":\"https:\/\/fcspartaktrnava.com\/wp-content\/uploads\/2022\/08\/cropped-site_logo.png\",\"width\":140,\"height\":140,\"caption\":\"FC Spartak Trnava\"},\"image\":{\"@id\":\"https:\/\/fcspartaktrnava.com\/#\/schema\/logo\/image\/\"},\"sameAs\":[\"https:\/\/www.facebook.com\/SpartakTrnava\",\"https:\/\/x.com\/SpartakTrnava1\",\"https:\/\/www.instagram.com\/spartak_sk\/\"]},{\"@type\":\"Person\",\"@id\":\"https:\/\/fcspartaktrnava.com\/#\/schema\/person\/24bc5b254af14f71d7d8af178790aa75\",\"name\":\"spartak\",\"image\":{\"@type\":\"ImageObject\",\"inLanguage\":\"en-GB\",\"@id\":\"https:\/\/fcspartaktrnava.com\/#\/schema\/person\/image\/\",\"url\":\"https:\/\/secure.gravatar.com\/avatar\/f8ff8584f3fcf3909a11a6da9019f37749183b4015bca14e64556c52614cdc7f?s=96&d=mm&r=g\",\"contentUrl\":\"https:\/\/secure.gravatar.com\/avatar\/f8ff8584f3fcf3909a11a6da9019f37749183b4015bca14e64556c52614cdc7f?s=96&d=mm&r=g\",\"caption\":\"spartak\"},\"url\":\"https:\/\/fcspartaktrnava.com\/en\/author\/spartak\/\"}]}<\/script>\n<!-- \/ Yoast SEO plugin. -->","yoast_head_json":{"title":"Zvl\u00e1dnut\u00e1 liga a\u00a0teraz je na rade Dnipro - FC Spartak Trnava","robots":{"index":"index","follow":"follow","max-snippet":"max-snippet:-1","max-image-preview":"max-image-preview:large","max-video-preview":"max-video-preview:-1"},"canonical":"https:\/\/fcspartaktrnava.com\/en\/zvladnuta-liga-a-teraz-je-na-rade-dnipro\/","twitter_misc":{"Written by":"spartak","Estimated reading time":"4 minutes"},"schema":{"@context":"https:\/\/schema.org","@graph":[{"@type":"Article","@id":"https:\/\/fcspartaktrnava.com\/zvladnuta-liga-a-teraz-je-na-rade-dnipro\/#article","isPartOf":{"@id":"https:\/\/fcspartaktrnava.com\/zvladnuta-liga-a-teraz-je-na-rade-dnipro\/"},"author":{"name":"spartak","@id":"https:\/\/fcspartaktrnava.com\/#\/schema\/person\/24bc5b254af14f71d7d8af178790aa75"},"headline":"Zvl\u00e1dnut\u00e1 liga a\u00a0teraz je na rade Dnipro","datePublished":"2023-08-21T07:31:32+00:00","mainEntityOfPage":{"@id":"https:\/\/fcspartaktrnava.com\/zvladnuta-liga-a-teraz-je-na-rade-dnipro\/"},"wordCount":823,"publisher":{"@id":"https:\/\/fcspartaktrnava.com\/#organization"},"image":{"@id":"https:\/\/fcspartaktrnava.com\/zvladnuta-liga-a-teraz-je-na-rade-dnipro\/#primaryimage"},"thumbnailUrl":"https:\/\/fcspartaktrnava.com\/wp-content\/uploads\/2023\/08\/DSC_7223.jpg","keywords":["Michal Ga\u0161par\u00edk"],"articleSection":["Rozhovory"],"inLanguage":"en-GB"},{"@type":"WebPage","@id":"https:\/\/fcspartaktrnava.com\/zvladnuta-liga-a-teraz-je-na-rade-dnipro\/","url":"https:\/\/fcspartaktrnava.com\/zvladnuta-liga-a-teraz-je-na-rade-dnipro\/","name":"Zvl\u00e1dnut\u00e1 liga a\u00a0teraz je na rade Dnipro - FC Spartak Trnava","isPartOf":{"@id":"https:\/\/fcspartaktrnava.com\/#website"},"primaryImageOfPage":{"@id":"https:\/\/fcspartaktrnava.com\/zvladnuta-liga-a-teraz-je-na-rade-dnipro\/#primaryimage"},"image":{"@id":"https:\/\/fcspartaktrnava.com\/zvladnuta-liga-a-teraz-je-na-rade-dnipro\/#primaryimage"},"thumbnailUrl":"https:\/\/fcspartaktrnava.com\/wp-content\/uploads\/2023\/08\/DSC_7223.jpg","datePublished":"2023-08-21T07:31:32+00:00","breadcrumb":{"@id":"https:\/\/fcspartaktrnava.com\/zvladnuta-liga-a-teraz-je-na-rade-dnipro\/#breadcrumb"},"inLanguage":"en-GB","potentialAction":[{"@type":"ReadAction","target":["https:\/\/fcspartaktrnava.com\/zvladnuta-liga-a-teraz-je-na-rade-dnipro\/"]}]},{"@type":"ImageObject","inLanguage":"en-GB","@id":"https:\/\/fcspartaktrnava.com\/zvladnuta-liga-a-teraz-je-na-rade-dnipro\/#primaryimage","url":"https:\/\/fcspartaktrnava.com\/wp-content\/uploads\/2023\/08\/DSC_7223.jpg","contentUrl":"https:\/\/fcspartaktrnava.com\/wp-content\/uploads\/2023\/08\/DSC_7223.jpg","width":1520,"height":1013},{"@type":"BreadcrumbList","@id":"https:\/\/fcspartaktrnava.com\/zvladnuta-liga-a-teraz-je-na-rade-dnipro\/#breadcrumb","itemListElement":[{"@type":"ListItem","position":1,"name":"Home","item":"https:\/\/fcspartaktrnava.com\/"},{"@type":"ListItem","position":2,"name":"Zvl\u00e1dnut\u00e1 liga a\u00a0teraz je na rade Dnipro"}]},{"@type":"WebSite","@id":"https:\/\/fcspartaktrnava.com\/#website","url":"https:\/\/fcspartaktrnava.com\/","name":"FC Spartak Trnava","description":"ofici\u00e1lna webstr\u00e1nka futbalov\u00e9ho klubu","publisher":{"@id":"https:\/\/fcspartaktrnava.com\/#organization"},"potentialAction":[{"@type":"SearchAction","target":{"@type":"EntryPoint","urlTemplate":"https:\/\/fcspartaktrnava.com\/?s={search_term_string}"},"query-input":{"@type":"PropertyValueSpecification","valueRequired":true,"valueName":"search_term_string"}}],"inLanguage":"en-GB"},{"@type":"Organization","@id":"https:\/\/fcspartaktrnava.com\/#organization","name":"FC Spartak Trnava","alternateName":"Spartak","url":"https:\/\/fcspartaktrnava.com\/","logo":{"@type":"ImageObject","inLanguage":"en-GB","@id":"https:\/\/fcspartaktrnava.com\/#\/schema\/logo\/image\/","url":"https:\/\/fcspartaktrnava.com\/wp-content\/uploads\/2022\/08\/cropped-site_logo.png","contentUrl":"https:\/\/fcspartaktrnava.com\/wp-content\/uploads\/2022\/08\/cropped-site_logo.png","width":140,"height":140,"caption":"FC Spartak Trnava"},"image":{"@id":"https:\/\/fcspartaktrnava.com\/#\/schema\/logo\/image\/"},"sameAs":["https:\/\/www.facebook.com\/SpartakTrnava","https:\/\/x.com\/SpartakTrnava1","https:\/\/www.instagram.com\/spartak_sk\/"]},{"@type":"Person","@id":"https:\/\/fcspartaktrnava.com\/#\/schema\/person\/24bc5b254af14f71d7d8af178790aa75","name":"spartak","image":{"@type":"ImageObject","inLanguage":"en-GB","@id":"https:\/\/fcspartaktrnava.com\/#\/schema\/person\/image\/","url":"https:\/\/secure.gravatar.com\/avatar\/f8ff8584f3fcf3909a11a6da9019f37749183b4015bca14e64556c52614cdc7f?s=96&d=mm&r=g","contentUrl":"https:\/\/secure.gravatar.com\/avatar\/f8ff8584f3fcf3909a11a6da9019f37749183b4015bca14e64556c52614cdc7f?s=96&d=mm&r=g","caption":"spartak"},"url":"https:\/\/fcspartaktrnava.com\/en\/author\/spartak\/"}]}},"_links":{"self":[{"href":"https:\/\/fcspartaktrnava.com\/en\/wp-json\/wp\/v2\/posts\/10155","targetHints":{"allow":["GET"]}}],"collection":[{"href":"https:\/\/fcspartaktrnava.com\/en\/wp-json\/wp\/v2\/posts"}],"about":[{"href":"https:\/\/fcspartaktrnava.com\/en\/wp-json\/wp\/v2\/types\/post"}],"author":[{"embeddable":true,"href":"https:\/\/fcspartaktrnava.com\/en\/wp-json\/wp\/v2\/users\/2"}],"replies":[{"embeddable":true,"href":"https:\/\/fcspartaktrnava.com\/en\/wp-json\/wp\/v2\/comments?post=10155"}],"version-history":[{"count":0,"href":"https:\/\/fcspartaktrnava.com\/en\/wp-json\/wp\/v2\/posts\/10155\/revisions"}],"wp:featuredmedia":[{"embeddable":true,"href":"https:\/\/fcspartaktrnava.com\/en\/wp-json\/wp\/v2\/media\/10152"}],"wp:attachment":[{"href":"https:\/\/fcspartaktrnava.com\/en\/wp-json\/wp\/v2\/media?parent=10155"}],"wp:term":[{"taxonomy":"category","embeddable":true,"href":"https:\/\/fcspartaktrnava.com\/en\/wp-json\/wp\/v2\/categories?post=10155"},{"taxonomy":"post_tag","embeddable":true,"href":"https:\/\/fcspartaktrnava.com\/en\/wp-json\/wp\/v2\/tags?post=10155"}],"curies":[{"name":"wp","href":"https:\/\/api.w.org\/{rel}","templated":true}]}}